{"id":102,"date":"2013-02-04T11:29:00","date_gmt":"2013-02-04T10:29:00","guid":{"rendered":"http:\/\/afaescolabarcelona.cat\/index.php\/2013\/02\/04\/assemblea-general-ampa\/"},"modified":"2020-11-22T09:09:09","modified_gmt":"2020-11-22T08:09:09","slug":"assemblea-general-ampa","status":"publish","type":"post","link":"https:\/\/www.afaescolabarcelona.cat\/index.php\/2013\/02\/04\/assemblea-general-ampa\/","title":{"rendered":"Assemblea General AMPA"},"content":{"rendered":"<div style=\"background-color: white; color: #222222; font-size: 12.8px; font-style: normal; font-variant: normal; font-weight: normal; letter-spacing: normal; line-height: normal; orphans: 2; text-align: justify; text-indent: 0px; text-transform: none; white-space: normal; widows: 2; word-spacing: 0px;\"><span style=\"font-family: inherit;\">L\u2019Assemblea  General de&nbsp;l&#8217;AMPA&nbsp;&nbsp;es cel.lebrar\u00e0&nbsp;&nbsp;el proper Dilluns 18 de febrer a  les 19.30h en primera convocat\u00f2ria al gimn\u00e0s de l\u2019Escola.&nbsp;<\/span><\/div>\n<div style=\"background-color: white; color: #222222; font-size: 12.8px; font-style: normal; font-variant: normal; font-weight: normal; letter-spacing: normal; line-height: normal; orphans: 2; text-align: justify; text-indent: 0px; text-transform: none; white-space: normal; widows: 2; word-spacing: 0px;\"><span style=\"font-family: inherit;\"><br \/><\/span><\/div>\n<div style=\"background-color: white; color: #222222; font-size: 12.8px; font-style: normal; font-variant: normal; font-weight: normal; letter-spacing: normal; line-height: normal; orphans: 2; text-align: justify; text-indent: 0px; text-transform: none; white-space: normal; widows: 2; word-spacing: 0px;\"><span style=\"font-family: inherit;\"><span lang=\"CA\">Us demanem molt sincerament &nbsp;la vostra assist\u00e8ncia, doncs \u00e9s molt important la&nbsp;col\u00b7laboraci\u00f3&nbsp;i&nbsp;<wbr><\/wbr>participaci\u00f3&nbsp;de tothom.&nbsp;Volem que l&#8217;assemblea esdevingui un &nbsp;<\/span><span lang=\"CA\">nexe  d&#8217;uni\u00f3 i comunicaci\u00f3 &nbsp;de totes les fam\u00edlies , i per aix\u00f2 creiem que \u00e9s  una oportunitat excepcional per proposar,&nbsp;intercanviar opinions,  experi\u00e8ncies ,&nbsp;aportacions&#8230; i tot all\u00f2 que us vingui de gust  explicar.&nbsp;<\/span><span lang=\"CA\">&nbsp;l&#8217;<\/span>AMPA&nbsp;som totes i tots!!<\/span><\/div>\n<div style=\"background-color: white; color: #222222; font-size: 12.8px; font-style: normal; font-variant: normal; font-weight: normal; letter-spacing: normal; line-height: normal; orphans: 2; text-align: justify; text-indent: 0px; text-transform: none; white-space: normal; widows: 2; word-spacing: 0px;\"><span style=\"font-family: inherit;\"><br \/><\/span><\/div>\n<div style=\"background-color: white; color: #222222; font-size: 12.8px; font-style: normal; font-variant: normal; font-weight: normal; letter-spacing: normal; line-height: normal; orphans: 2; text-align: justify; text-indent: 0px; text-transform: none; white-space: normal; widows: 2; word-spacing: 0px;\"><span style=\"font-family: inherit;\">Hem enviat per mail <span lang=\"CA\">els  comptes anuals del 2011\/2012 i el pressupost per al 2012\/2013, per tal  que el pugueu revisar amb&nbsp;l&#8217; antelaci\u00f3&nbsp;suficient. Si no l&#8217;heu rebut contacteu amb nosaltres per correu electr\u00f2nic a l&#8217;adre\u00e7a <a href=\"mailto:fempinya.escolabarcelona@gmail.com\">fempinya.escolabarcelona@gmail.com<\/a><\/span>.  Si esteu interessats en tenir una c\u00f2pia en paper podeu sol\u00b7licitar-ho a  la secretaria de l&#8217;AMPA per correu electr\u00f2nic&nbsp; a l&#8217;adre\u00e7a <a href=\"mailto:ampaescolabarcelona@gmail.com\">ampaescolabarcelona@gmail.com<\/a>.<\/span><\/div>\n<div style=\"background-color: white; color: #222222; font-size: 12.8px; font-style: normal; font-variant: normal; font-weight: normal; letter-spacing: normal; line-height: normal; orphans: 2; text-align: justify; text-indent: 0px; text-transform: none; white-space: normal; widows: 2; word-spacing: 0px;\"><span style=\"font-family: inherit;\"><br \/><\/span><\/div>\n<div style=\"background-color: white; color: #222222; font-size: 12.8px; font-style: normal; font-variant: normal; font-weight: normal; letter-spacing: normal; line-height: normal; orphans: 2; text-align: justify; text-indent: 0px; text-transform: none; white-space: normal; widows: 2; word-spacing: 0px;\"><span style=\"font-family: inherit;\">Per a m\u00e9s informaci\u00f3 de la convocat\u00f2ria o si vols descarregar la delegaci\u00f3 de vot, clica&nbsp; <a href=\"https:\/\/docs.google.com\/file\/d\/0B9wIWP-4_J71Nks1QnhiUHlndzA\/edit?usp=sharing\">aqu\u00ed. <\/a><\/span><\/div>\n<div style=\"background-color: white; color: #222222; font-size: 12.8px; font-style: normal; font-variant: normal; font-weight: normal; letter-spacing: normal; line-height: normal; orphans: 2; text-align: justify; text-indent: 0px; text-transform: none; white-space: normal; widows: 2; word-spacing: 0px;\"><a href=\"https:\/\/docs.google.com\/open?id=0B9wIWP-4_J71Tm1zNFlZQzhjd28\"><span style=\"font-family: inherit;\"><br \/><\/span><\/a><\/div>\n<div style=\"background-color: white; color: #222222; font-size: 12.8px; font-style: normal; font-variant: normal; font-weight: normal; letter-spacing: normal; line-height: normal; orphans: 2; text-align: justify; text-indent: 0px; text-transform: none; white-space: normal; widows: 2; word-spacing: 0px;\"><span lang=\"CA\" style=\"font-family: inherit;\">US HI ESPEREM!!<\/span><\/div>\n<div style=\"background-color: white; color: #222222; font-size: 12.8px; font-style: normal; font-variant: normal; font-weight: normal; letter-spacing: normal; line-height: normal; orphans: 2; text-align: justify; text-indent: 0px; text-transform: none; white-space: normal; widows: 2; word-spacing: 0px;\"><span style=\"font-family: inherit;\"><br \/><\/span><\/div>\n<div style=\"background-color: white; color: #222222; font-size: 12.8px; font-style: normal; font-variant: normal; font-weight: normal; letter-spacing: normal; line-height: normal; orphans: 2; text-align: justify; text-indent: 0px; text-transform: none; white-space: normal; widows: 2; word-spacing: 0px;\"><span lang=\"CA\" style=\"font-family: inherit;\">Junta directiva&nbsp;AMPA&nbsp;Escola Barcelona<\/span><\/div>\n","protected":false},"excerpt":{"rendered":"<p>L\u2019Assemblea General de&nbsp;l&#8217;AMPA&nbsp;&nbsp;es cel.lebrar\u00e0&nbsp;&nbsp;el proper Dilluns 18 de febrer a les 19.30h en primera convocat\u00f2ria al gimn\u00e0s de l\u2019Escola.&nbsp; Us demanem molt sincerament &nbsp;la vostra assist\u00e8ncia, doncs \u00e9s molt important la&nbsp;col\u00b7laboraci\u00f3&nbsp;i&nbsp;participaci\u00f3&nbsp;de tothom.&nbsp;Volem que l&#8217;assemblea esdevingui un &nbsp;nexe d&#8217;uni\u00f3 i comunicaci\u00f3 &nbsp;de totes les fam\u00edlies , i per aix\u00f2 creiem que [&hellip;]<\/p>\n","protected":false},"author":1,"featured_media":0,"comment_status":"open","ping_status":"open","sticky":false,"template":"","format":"standard","meta":{"footnotes":""},"categories":[10],"tags":[13],"class_list":["post-102","post","type-post","status-publish","format-standard","hentry","category-assemblea","tag-assemblea"],"post_mailing_queue_ids":[],"_links":{"self":[{"href":"https:\/\/www.afaescolabarcelona.cat\/index.php\/wp-json\/wp\/v2\/posts\/102","targetHints":{"allow":["GET"]}}],"collection":[{"href":"https:\/\/www.afaescolabarcelona.cat\/index.php\/wp-json\/wp\/v2\/posts"}],"about":[{"href":"https:\/\/www.afaescolabarcelona.cat\/index.php\/wp-json\/wp\/v2\/types\/post"}],"author":[{"embeddable":true,"href":"https:\/\/www.afaescolabarcelona.cat\/index.php\/wp-json\/wp\/v2\/users\/1"}],"replies":[{"embeddable":true,"href":"https:\/\/www.afaescolabarcelona.cat\/index.php\/wp-json\/wp\/v2\/comments?post=102"}],"version-history":[{"count":1,"href":"https:\/\/www.afaescolabarcelona.cat\/index.php\/wp-json\/wp\/v2\/posts\/102\/revisions"}],"predecessor-version":[{"id":1641,"href":"https:\/\/www.afaescolabarcelona.cat\/index.php\/wp-json\/wp\/v2\/posts\/102\/revisions\/1641"}],"wp:attachment":[{"href":"https:\/\/www.afaescolabarcelona.cat\/index.php\/wp-json\/wp\/v2\/media?parent=102"}],"wp:term":[{"taxonomy":"category","embeddable":true,"href":"https:\/\/www.afaescolabarcelona.cat\/index.php\/wp-json\/wp\/v2\/categories?post=102"},{"taxonomy":"post_tag","embeddable":true,"href":"https:\/\/www.afaescolabarcelona.cat\/index.php\/wp-json\/wp\/v2\/tags?post=102"}],"curies":[{"name":"wp","href":"https:\/\/api.w.org\/{rel}","templated":true}]}}