{"id":19,"date":"2017-05-26T13:19:00","date_gmt":"2017-05-26T12:19:00","guid":{"rendered":""},"modified":"2020-11-22T08:27:16","modified_gmt":"2020-11-22T07:27:16","slug":"extraescolars-curs-2017-2018","status":"publish","type":"post","link":"https:\/\/www.afaescolabarcelona.cat\/index.php\/2017\/05\/26\/extraescolars-curs-2017-2018\/","title":{"rendered":"EXTRAESCOLARS CURS 2017\/2018"},"content":{"rendered":"<p><span style=\"background-color: white; color: #222222; font-family: arial, sans-serif; font-size: 12.8px;\">Benvolgudes fam\u00edlies,&nbsp;<\/span><\/p>\n<div style=\"background-color: white; color: #222222; font-family: arial, sans-serif; font-size: 12.8px;\"><\/div>\n<div style=\"background-color: white; color: #222222; font-family: arial, sans-serif; font-size: 12.8px;\">us recordem que, tal i com s&#8217;indica en el&nbsp;dossiers de les activitats extraescolars per al curs 2017\/18 que se us va&nbsp;lliurar el passat dilluns 15 de maig a trav\u00e9s dels infants, teniu fins el proper<span style=\"background-color: yellow;\">&nbsp;Dilluns 29 de maig<\/span>&nbsp;per a lliurar el full de reserva al despatx de l&#8217;AMPA dins del seu horari d&#8217;atenci\u00f3 a les fam\u00edlies.<\/div>\n<div style=\"background-color: white; color: #222222; font-family: arial, sans-serif; font-size: 12.8px;\"><\/div>\n<div style=\"background-color: white; color: #222222; font-family: arial, sans-serif; font-size: 12.8px;\">Si alguna fam\u00edlia no ho hagu\u00e9s rebut, ja els teniu disponibles en el seg\u00fcent&nbsp;<a href=\"http:\/\/ampaescolabarcelona.blogspot.com.es\/p\/impresos-extraescolars.html\" style=\"background-color: transparent;\">enlla\u00e7<\/a><span style=\"font-size: 12.8px;\">.<\/span><\/div>\n<div style=\"background-color: white; color: #222222; font-family: arial, sans-serif; font-size: 12.8px;\"><\/div>\n<div style=\"background-color: white; color: #222222; font-family: arial, sans-serif; font-size: 12.8px;\"><\/div>\n<div style=\"background-color: white; color: #222222; font-family: arial, sans-serif; font-size: 12.8px;\"><\/div>\n<div style=\"background-color: white; color: #222222; font-family: arial, sans-serif; font-size: 12.8px;\">Salutacions cordials<\/div>\n<div style=\"background-color: white; color: #222222; font-family: arial, sans-serif; font-size: 12.8px;\"><\/div>\n<div style=\"background-color: white; color: #222222; font-family: arial, sans-serif; font-size: 12.8px;\"><\/div>\n<div style=\"background-color: white; color: #222222; font-family: arial, sans-serif; font-size: 12.8px;\">Junta AMPA Escola Barcelona&nbsp;<\/div>\n","protected":false},"excerpt":{"rendered":"<p>Benvolgudes fam\u00edlies,&nbsp; us recordem que, tal i com s&#8217;indica en el&nbsp;dossiers de les activitats extraescolars per al curs 2017\/18 que se us va&nbsp;lliurar el passat dilluns 15 de maig a trav\u00e9s dels infants, teniu fins el proper&nbsp;Dilluns 29 de maig&nbsp;per a lliurar el full de reserva al despatx de l&#8217;AMPA [&hellip;]<\/p>\n","protected":false},"author":1,"featured_media":0,"comment_status":"open","ping_status":"open","sticky":false,"template":"","format":"standard","meta":{"footnotes":""},"categories":[32],"tags":[],"class_list":["post-19","post","type-post","status-publish","format-standard","hentry","category-extraescolars"],"post_mailing_queue_ids":[],"_links":{"self":[{"href":"https:\/\/www.afaescolabarcelona.cat\/index.php\/wp-json\/wp\/v2\/posts\/19","targetHints":{"allow":["GET"]}}],"collection":[{"href":"https:\/\/www.afaescolabarcelona.cat\/index.php\/wp-json\/wp\/v2\/posts"}],"about":[{"href":"https:\/\/www.afaescolabarcelona.cat\/index.php\/wp-json\/wp\/v2\/types\/post"}],"author":[{"embeddable":true,"href":"https:\/\/www.afaescolabarcelona.cat\/index.php\/wp-json\/wp\/v2\/users\/1"}],"replies":[{"embeddable":true,"href":"https:\/\/www.afaescolabarcelona.cat\/index.php\/wp-json\/wp\/v2\/comments?post=19"}],"version-history":[{"count":1,"href":"https:\/\/www.afaescolabarcelona.cat\/index.php\/wp-json\/wp\/v2\/posts\/19\/revisions"}],"predecessor-version":[{"id":137,"href":"https:\/\/www.afaescolabarcelona.cat\/index.php\/wp-json\/wp\/v2\/posts\/19\/revisions\/137"}],"wp:attachment":[{"href":"https:\/\/www.afaescolabarcelona.cat\/index.php\/wp-json\/wp\/v2\/media?parent=19"}],"wp:term":[{"taxonomy":"category","embeddable":true,"href":"https:\/\/www.afaescolabarcelona.cat\/index.php\/wp-json\/wp\/v2\/categories?post=19"},{"taxonomy":"post_tag","embeddable":true,"href":"https:\/\/www.afaescolabarcelona.cat\/index.php\/wp-json\/wp\/v2\/tags?post=19"}],"curies":[{"name":"wp","href":"https:\/\/api.w.org\/{rel}","templated":true}]}}