{"id":2568,"date":"2023-12-20T14:13:45","date_gmt":"2023-12-20T13:13:45","guid":{"rendered":"https:\/\/www.afaescolabarcelona.cat\/?p=2568"},"modified":"2023-12-20T14:25:40","modified_gmt":"2023-12-20T13:25:40","slug":"el-patge-reial-visita-lescola-per-recollir-les-cartes-i-entregar-regals","status":"publish","type":"post","link":"https:\/\/www.afaescolabarcelona.cat\/index.php\/2023\/12\/20\/el-patge-reial-visita-lescola-per-recollir-les-cartes-i-entregar-regals\/","title":{"rendered":"El Patge Reial visita l&#8217;escola per recollir les cartes i entregar regals"},"content":{"rendered":"\n<p>L&#8217;esperada visita del Patge Reial a la nostra escola ha tingut lloc aquest mat\u00ed, en un esdeveniment ple de m\u00e0gia i il\u00b7lusi\u00f3 per als nostres petits d&#8217;Infantil.<\/p>\n\n\n\n<p>Amb molta expectaci\u00f3 i nervis, cada classe ha tingut l&#8217;oportunitat de lliurar les seves cartes al Patge, amb tots els seus desitjos per a aquesta \u00e8poca tan especial. Per\u00f2 aquesta no ha estat l&#8217;\u00fanica activitat de la jornada. Els nostres petits han volgut mostrar la seva gratitud i alegria amb una presentaci\u00f3 molt especial: segons el curs, han cantat una can\u00e7\u00f3 o han recitat un poema, deixant a tots els presents amb un somriure a la cara.<\/p>\n\n\n\n<p>En agra\u00efment, el Patge Reial ha tingut un detall amb els nens i nenes, entregant un llibre per a cada classe.<\/p>\n\n\n\n<p>Per culminar l&#8217;esdeveniment, tots junts, amb el Patge, han posat el millor dels seus somriures per a una foto de grup que podeu veure a la galeria.<\/p>\n\n\n\n<p>Des de l&#8217;AFA de l&#8217;escola, volem agrair al Patge Reial la seva visita i desitjar a totes les fam\u00edlies unes festes plenes de pau, alegria i amor.<\/p>\n\n\n\n<p>Bon Nadal i Feli\u00e7 Any\u00a0Nou\u00a0a\u00a0tothom!<\/p>\n\n\n\n<figure class=\"wp-block-gallery has-nested-images columns-default is-cropped wp-block-gallery-1 is-layout-flex wp-block-gallery-is-layout-flex\">\n<figure class=\"wp-block-image size-large is-style-default\"><a href=\"https:\/\/www.afaescolabarcelona.cat\/wp-content\/uploads\/2023\/12\/patge2.jpg\" target=\"_blank\" rel=\"noopener\"><img loading=\"lazy\" decoding=\"async\" width=\"1024\" height=\"472\" data-id=\"2569\" src=\"https:\/\/www.afaescolabarcelona.cat\/wp-content\/uploads\/2023\/12\/patge2-1024x472.jpg\" alt=\"\" class=\"wp-image-2569\" srcset=\"https:\/\/www.afaescolabarcelona.cat\/wp-content\/uploads\/2023\/12\/patge2-1024x472.jpg 1024w, https:\/\/www.afaescolabarcelona.cat\/wp-content\/uploads\/2023\/12\/patge2-300x138.jpg 300w, https:\/\/www.afaescolabarcelona.cat\/wp-content\/uploads\/2023\/12\/patge2-768x354.jpg 768w, https:\/\/www.afaescolabarcelona.cat\/wp-content\/uploads\/2023\/12\/patge2-1536x708.jpg 1536w, https:\/\/www.afaescolabarcelona.cat\/wp-content\/uploads\/2023\/12\/patge2.jpg 1600w\" sizes=\"auto, (max-width: 1024px) 100vw, 1024px\" \/><\/a><\/figure>\n\n\n\n<figure class=\"wp-block-image size-large is-style-default\"><a href=\"https:\/\/www.afaescolabarcelona.cat\/wp-content\/uploads\/2023\/12\/patge3.jpg\" target=\"_blank\" rel=\"noopener\"><img loading=\"lazy\" decoding=\"async\" width=\"1024\" height=\"473\" data-id=\"2573\" src=\"https:\/\/www.afaescolabarcelona.cat\/wp-content\/uploads\/2023\/12\/patge3-1024x473.jpg\" alt=\"\" class=\"wp-image-2573\" srcset=\"https:\/\/www.afaescolabarcelona.cat\/wp-content\/uploads\/2023\/12\/patge3-1024x473.jpg 1024w, https:\/\/www.afaescolabarcelona.cat\/wp-content\/uploads\/2023\/12\/patge3-300x138.jpg 300w, https:\/\/www.afaescolabarcelona.cat\/wp-content\/uploads\/2023\/12\/patge3-768x354.jpg 768w, https:\/\/www.afaescolabarcelona.cat\/wp-content\/uploads\/2023\/12\/patge3-1536x709.jpg 1536w, https:\/\/www.afaescolabarcelona.cat\/wp-content\/uploads\/2023\/12\/patge3.jpg 1599w\" sizes=\"auto, (max-width: 1024px) 100vw, 1024px\" \/><\/a><\/figure>\n\n\n\n<figure class=\"wp-block-image size-large is-style-default\"><a href=\"https:\/\/www.afaescolabarcelona.cat\/wp-content\/uploads\/2023\/12\/patge4.jpg\" target=\"_blank\" rel=\"noopener\"><img loading=\"lazy\" decoding=\"async\" width=\"1024\" height=\"472\" data-id=\"2571\" src=\"https:\/\/www.afaescolabarcelona.cat\/wp-content\/uploads\/2023\/12\/patge4-1024x472.jpg\" alt=\"\" class=\"wp-image-2571\" srcset=\"https:\/\/www.afaescolabarcelona.cat\/wp-content\/uploads\/2023\/12\/patge4-1024x472.jpg 1024w, https:\/\/www.afaescolabarcelona.cat\/wp-content\/uploads\/2023\/12\/patge4-300x138.jpg 300w, https:\/\/www.afaescolabarcelona.cat\/wp-content\/uploads\/2023\/12\/patge4-768x354.jpg 768w, https:\/\/www.afaescolabarcelona.cat\/wp-content\/uploads\/2023\/12\/patge4-1536x708.jpg 1536w, https:\/\/www.afaescolabarcelona.cat\/wp-content\/uploads\/2023\/12\/patge4.jpg 1600w\" sizes=\"auto, (max-width: 1024px) 100vw, 1024px\" \/><\/a><\/figure>\n\n\n\n<figure class=\"wp-block-image size-large is-style-default\"><a href=\"https:\/\/www.afaescolabarcelona.cat\/wp-content\/uploads\/2023\/12\/patge5.jpg\" target=\"_blank\" rel=\"noopener\"><img loading=\"lazy\" decoding=\"async\" width=\"1024\" height=\"472\" data-id=\"2574\" src=\"https:\/\/www.afaescolabarcelona.cat\/wp-content\/uploads\/2023\/12\/patge5-1024x472.jpg\" alt=\"\" class=\"wp-image-2574\" srcset=\"https:\/\/www.afaescolabarcelona.cat\/wp-content\/uploads\/2023\/12\/patge5-1024x472.jpg 1024w, https:\/\/www.afaescolabarcelona.cat\/wp-content\/uploads\/2023\/12\/patge5-300x138.jpg 300w, https:\/\/www.afaescolabarcelona.cat\/wp-content\/uploads\/2023\/12\/patge5-768x354.jpg 768w, https:\/\/www.afaescolabarcelona.cat\/wp-content\/uploads\/2023\/12\/patge5-1536x708.jpg 1536w, https:\/\/www.afaescolabarcelona.cat\/wp-content\/uploads\/2023\/12\/patge5.jpg 1600w\" sizes=\"auto, (max-width: 1024px) 100vw, 1024px\" \/><\/a><\/figure>\n\n\n\n<figure class=\"wp-block-image size-large is-style-default\"><a href=\"https:\/\/www.afaescolabarcelona.cat\/wp-content\/uploads\/2023\/12\/patge6.jpg\" target=\"_blank\" rel=\"noopener\"><img loading=\"lazy\" decoding=\"async\" width=\"1024\" height=\"472\" data-id=\"2570\" src=\"https:\/\/www.afaescolabarcelona.cat\/wp-content\/uploads\/2023\/12\/patge6-1024x472.jpg\" alt=\"\" class=\"wp-image-2570\" srcset=\"https:\/\/www.afaescolabarcelona.cat\/wp-content\/uploads\/2023\/12\/patge6-1024x472.jpg 1024w, https:\/\/www.afaescolabarcelona.cat\/wp-content\/uploads\/2023\/12\/patge6-300x138.jpg 300w, https:\/\/www.afaescolabarcelona.cat\/wp-content\/uploads\/2023\/12\/patge6-768x354.jpg 768w, https:\/\/www.afaescolabarcelona.cat\/wp-content\/uploads\/2023\/12\/patge6-1536x708.jpg 1536w, https:\/\/www.afaescolabarcelona.cat\/wp-content\/uploads\/2023\/12\/patge6.jpg 1600w\" sizes=\"auto, (max-width: 1024px) 100vw, 1024px\" \/><\/a><\/figure>\n\n\n\n<figure class=\"wp-block-image size-large is-style-default\"><a href=\"https:\/\/www.afaescolabarcelona.cat\/wp-content\/uploads\/2023\/12\/patge1.jpg\" target=\"_blank\" rel=\"noopener\"><img loading=\"lazy\" decoding=\"async\" width=\"1024\" height=\"472\" data-id=\"2572\" src=\"https:\/\/www.afaescolabarcelona.cat\/wp-content\/uploads\/2023\/12\/patge1-1024x472.jpg\" alt=\"\" class=\"wp-image-2572\" srcset=\"https:\/\/www.afaescolabarcelona.cat\/wp-content\/uploads\/2023\/12\/patge1-1024x472.jpg 1024w, https:\/\/www.afaescolabarcelona.cat\/wp-content\/uploads\/2023\/12\/patge1-300x138.jpg 300w, https:\/\/www.afaescolabarcelona.cat\/wp-content\/uploads\/2023\/12\/patge1-768x354.jpg 768w, https:\/\/www.afaescolabarcelona.cat\/wp-content\/uploads\/2023\/12\/patge1-1536x708.jpg 1536w, https:\/\/www.afaescolabarcelona.cat\/wp-content\/uploads\/2023\/12\/patge1.jpg 1600w\" sizes=\"auto, (max-width: 1024px) 100vw, 1024px\" \/><\/a><\/figure>\n<\/figure>\n","protected":false},"excerpt":{"rendered":"<p>L\u2019esperada visita del Patge Reial a la nostra escola ha tingut lloc aquest mat\u00ed, en un esdeveniment ple de m\u00e0gia i il\u00b7lusi\u00f3 per als nostres petits d\u2019Infantil.<\/p>\n","protected":false},"author":1,"featured_media":2570,"comment_status":"closed","ping_status":"closed","sticky":false,"template":"","format":"standard","meta":{"footnotes":""},"categories":[28,6,12],"tags":[],"class_list":["post-2568","post","type-post","status-publish","format-standard","has-post-thumbnail","hentry","category-cultura-popular","category-festes","category-general"],"post_mailing_queue_ids":[],"_links":{"self":[{"href":"https:\/\/www.afaescolabarcelona.cat\/index.php\/wp-json\/wp\/v2\/posts\/2568","targetHints":{"allow":["GET"]}}],"collection":[{"href":"https:\/\/www.afaescolabarcelona.cat\/index.php\/wp-json\/wp\/v2\/posts"}],"about":[{"href":"https:\/\/www.afaescolabarcelona.cat\/index.php\/wp-json\/wp\/v2\/types\/post"}],"author":[{"embeddable":true,"href":"https:\/\/www.afaescolabarcelona.cat\/index.php\/wp-json\/wp\/v2\/users\/1"}],"replies":[{"embeddable":true,"href":"https:\/\/www.afaescolabarcelona.cat\/index.php\/wp-json\/wp\/v2\/comments?post=2568"}],"version-history":[{"count":4,"href":"https:\/\/www.afaescolabarcelona.cat\/index.php\/wp-json\/wp\/v2\/posts\/2568\/revisions"}],"predecessor-version":[{"id":2579,"href":"https:\/\/www.afaescolabarcelona.cat\/index.php\/wp-json\/wp\/v2\/posts\/2568\/revisions\/2579"}],"wp:featuredmedia":[{"embeddable":true,"href":"https:\/\/www.afaescolabarcelona.cat\/index.php\/wp-json\/wp\/v2\/media\/2570"}],"wp:attachment":[{"href":"https:\/\/www.afaescolabarcelona.cat\/index.php\/wp-json\/wp\/v2\/media?parent=2568"}],"wp:term":[{"taxonomy":"category","embeddable":true,"href":"https:\/\/www.afaescolabarcelona.cat\/index.php\/wp-json\/wp\/v2\/categories?post=2568"},{"taxonomy":"post_tag","embeddable":true,"href":"https:\/\/www.afaescolabarcelona.cat\/index.php\/wp-json\/wp\/v2\/tags?post=2568"}],"curies":[{"name":"wp","href":"https:\/\/api.w.org\/{rel}","templated":true}]}}