{"id":2957,"date":"2025-09-27T20:31:16","date_gmt":"2025-09-27T19:31:16","guid":{"rendered":"https:\/\/www.afaescolabarcelona.cat\/?p=2957"},"modified":"2025-09-27T20:37:39","modified_gmt":"2025-09-27T19:37:39","slug":"novetats-del-curs-escolar-a-la-nostra-escola","status":"publish","type":"post","link":"https:\/\/www.afaescolabarcelona.cat\/index.php\/2025\/09\/27\/novetats-del-curs-escolar-a-la-nostra-escola\/","title":{"rendered":"Novetats del curs escolar"},"content":{"rendered":"\n<p>Aquest curs 2025-2026 ve carregat de novetats emocionants per a tots els nostres alumnes! <\/p>\n\n\n\n<p>Des de l\u2019AFA, ens fa molta il\u00b7lusi\u00f3 compartir amb vosaltres algunes de les iniciatives que estem duent a terme a l\u2019escola.<\/p>\n\n\n\n<p><strong>Compartim lectures amb la Fundaci\u00f3 Maneno<\/strong><br>Per primera vegada, posem en marxa una <strong>prova pilot de l\u2019activitat <\/strong><a href=\"https:\/\/www.maneno.es\/compartim-lectures\"><strong>\u201cCompartim Lectures\u201d<\/strong><\/a>, de la m\u00e0 de la <strong>Fundaci\u00f3 Maneno<\/strong>. Aquesta activitat comen\u00e7ar\u00e0 el <strong>19 de setembre<\/strong> a la <strong>biblioteca de l\u2019escola<\/strong>, durant el temps de migdia, i est\u00e0 pensada perqu\u00e8 puguin gaudir-la els alumnes d&#8217;<strong>I4 a 6\u00e8<\/strong>. Una oportunitat \u00fanica per fomentar el gust per la lectura i millorar el nivell lector dels nostres infants.<\/p>\n\n\n\n<p><br><strong>Noves fonts d\u2019aigua al menjador<br><\/strong>Estrenem <strong>noves fonts d\u2019aigua<\/strong> a l\u2019escola! De moment, n\u2019hem instal\u00b7lat dues al menjador. L\u2019aigua \u00e9s <strong>filtrada i pot ser natural o freda.<\/strong> Amb aquestes fonts fem un pas m\u00e9s cap a la qualitat i la salut, garantint que els nostres alumnes puguin hidratar-se de manera c\u00f2moda i saludable al llarg de la jornada escolar.<\/p>\n\n\n\n<p><strong>Novetats en activitats extraescolars<\/strong><br>Per acabar, volem destacar les <strong>noves activitats extraescolars<\/strong> que incorporem aquest any:<\/p>\n\n\n\n<ul class=\"wp-block-list\"><li><strong>Cuina<\/strong>: destinada als alumnes de <strong>4t a 6\u00e8<\/strong>, una activitat divertida i educativa on aprendran receptes, h\u00e0bits saludables i treball en equip.<\/li><li><strong>Rob\u00f2tica amb Logiscool<\/strong>: una activitat pensada per estimular la <strong>creativitat, el pensament l\u00f2gic i les habilitats tecnol\u00f2giques<\/strong> dels i les alumnes.<\/li><li><strong>Circ<\/strong>: una activitat divertida que combina moviment, equilibri i expressi\u00f3 art\u00edstica.<\/li><li><strong>Escacs<\/strong>: per desenvolupar estrat\u00e8gia, concentraci\u00f3 i pensament cr\u00edtic.<\/li><\/ul>\n\n\n\n<p>Aquestes novetats formen part del nostre comprom\u00eds per oferir una educaci\u00f3 <strong>din\u00e0mica, saludable i enriquidora<\/strong>!<\/p>\n\n\n\n<p>Continuem!<\/p>\n","protected":false},"excerpt":{"rendered":"<p>Aquest curs 2025-2026 ve carregat de novetats emocionants per a tots els nostres alumnes! Des de l\u2019AFA, ens fa molta il\u00b7lusi\u00f3 compartir amb vosaltres algunes de les iniciatives que estem duent a terme a l\u2019escola. Compartim lectures amb la Fundaci\u00f3 ManenoPer primera vegada, posem en marxa una prova pilot de [&hellip;]<\/p>\n","protected":false},"author":1,"featured_media":2958,"comment_status":"open","ping_status":"open","sticky":false,"template":"","format":"standard","meta":{"footnotes":""},"categories":[32,2],"tags":[],"class_list":["post-2957","post","type-post","status-publish","format-standard","has-post-thumbnail","hentry","category-extraescolars","category-menjador"],"post_mailing_queue_ids":[],"_links":{"self":[{"href":"https:\/\/www.afaescolabarcelona.cat\/index.php\/wp-json\/wp\/v2\/posts\/2957","targetHints":{"allow":["GET"]}}],"collection":[{"href":"https:\/\/www.afaescolabarcelona.cat\/index.php\/wp-json\/wp\/v2\/posts"}],"about":[{"href":"https:\/\/www.afaescolabarcelona.cat\/index.php\/wp-json\/wp\/v2\/types\/post"}],"author":[{"embeddable":true,"href":"https:\/\/www.afaescolabarcelona.cat\/index.php\/wp-json\/wp\/v2\/users\/1"}],"replies":[{"embeddable":true,"href":"https:\/\/www.afaescolabarcelona.cat\/index.php\/wp-json\/wp\/v2\/comments?post=2957"}],"version-history":[{"count":4,"href":"https:\/\/www.afaescolabarcelona.cat\/index.php\/wp-json\/wp\/v2\/posts\/2957\/revisions"}],"predecessor-version":[{"id":2963,"href":"https:\/\/www.afaescolabarcelona.cat\/index.php\/wp-json\/wp\/v2\/posts\/2957\/revisions\/2963"}],"wp:featuredmedia":[{"embeddable":true,"href":"https:\/\/www.afaescolabarcelona.cat\/index.php\/wp-json\/wp\/v2\/media\/2958"}],"wp:attachment":[{"href":"https:\/\/www.afaescolabarcelona.cat\/index.php\/wp-json\/wp\/v2\/media?parent=2957"}],"wp:term":[{"taxonomy":"category","embeddable":true,"href":"https:\/\/www.afaescolabarcelona.cat\/index.php\/wp-json\/wp\/v2\/categories?post=2957"},{"taxonomy":"post_tag","embeddable":true,"href":"https:\/\/www.afaescolabarcelona.cat\/index.php\/wp-json\/wp\/v2\/tags?post=2957"}],"curies":[{"name":"wp","href":"https:\/\/api.w.org\/{rel}","templated":true}]}}