{"id":3010,"date":"2025-12-20T15:23:00","date_gmt":"2025-12-20T14:23:00","guid":{"rendered":"https:\/\/www.afaescolabarcelona.cat\/?p=3010"},"modified":"2026-01-08T15:44:52","modified_gmt":"2026-01-08T14:44:52","slug":"visita-del-patge-reial-a-lescola","status":"publish","type":"post","link":"https:\/\/www.afaescolabarcelona.cat\/index.php\/2025\/12\/20\/visita-del-patge-reial-a-lescola\/","title":{"rendered":"Visita del Patge Reial a l\u2019escola\u00a0"},"content":{"rendered":"\n<p>El 19 de desembre, els m\u00e9s petits de l\u2019escola van rebre una visita molt especial: el Patge Reial! Amb gran il\u00b7lusi\u00f3, els infants el van acollir amb somriures i emoci\u00f3, preparats per compartir amb ell les seves cartes i postals fetes a m\u00e0. Va ser un moment molt especial en qu\u00e8 van poder entregar-li els seus desitjos i salutacions per a Ses Majestats, els Reis d&#8217;Orient.<\/p>\n\n\n\n<p>Com a agra\u00efment, el Patge va portar llibres de regal per a cada classe, fomentant aix\u00ed l\u2019amor per la lectura i la imaginaci\u00f3.<\/p>\n\n\n\n<p>Per acabar la visita, cada classe es va fer una foto de grup amb el Patge, que quedar\u00e0 com a record d\u2019un mat\u00ed ple d\u2019il\u00b7lusi\u00f3, somriures i moments m\u00e0gics.<\/p>\n\n\n\n<p>Des de l\u2019AFA volem agrair la col\u00b7laboraci\u00f3 de totes les persones que van fer possible aquesta visita tan especial.<\/p>\n\n\n\n<figure class=\"wp-block-gallery has-nested-images columns-default is-cropped wp-block-gallery-1 is-layout-flex wp-block-gallery-is-layout-flex\">\n<figure class=\"wp-block-image size-large\"><img loading=\"lazy\" decoding=\"async\" width=\"1024\" height=\"768\" data-id=\"3013\" src=\"https:\/\/www.afaescolabarcelona.cat\/wp-content\/uploads\/2026\/01\/WhatsApp-Image-2025-12-19-at-11.24.50-1024x768.jpeg\" alt=\"\" class=\"wp-image-3013\" srcset=\"https:\/\/www.afaescolabarcelona.cat\/wp-content\/uploads\/2026\/01\/WhatsApp-Image-2025-12-19-at-11.24.50-1024x768.jpeg 1024w, https:\/\/www.afaescolabarcelona.cat\/wp-content\/uploads\/2026\/01\/WhatsApp-Image-2025-12-19-at-11.24.50-300x225.jpeg 300w, https:\/\/www.afaescolabarcelona.cat\/wp-content\/uploads\/2026\/01\/WhatsApp-Image-2025-12-19-at-11.24.50-768x576.jpeg 768w, https:\/\/www.afaescolabarcelona.cat\/wp-content\/uploads\/2026\/01\/WhatsApp-Image-2025-12-19-at-11.24.50-1536x1152.jpeg 1536w, https:\/\/www.afaescolabarcelona.cat\/wp-content\/uploads\/2026\/01\/WhatsApp-Image-2025-12-19-at-11.24.50.jpeg 1600w\" sizes=\"auto, (max-width: 1024px) 100vw, 1024px\" \/><\/figure>\n\n\n\n<figure class=\"wp-block-image size-large\"><img loading=\"lazy\" decoding=\"async\" width=\"768\" height=\"1024\" data-id=\"3011\" src=\"https:\/\/www.afaescolabarcelona.cat\/wp-content\/uploads\/2026\/01\/WhatsApp-Image-2025-12-19-at-10.36.37-1-768x1024.jpeg\" alt=\"\" class=\"wp-image-3011\" srcset=\"https:\/\/www.afaescolabarcelona.cat\/wp-content\/uploads\/2026\/01\/WhatsApp-Image-2025-12-19-at-10.36.37-1-768x1024.jpeg 768w, https:\/\/www.afaescolabarcelona.cat\/wp-content\/uploads\/2026\/01\/WhatsApp-Image-2025-12-19-at-10.36.37-1-225x300.jpeg 225w, https:\/\/www.afaescolabarcelona.cat\/wp-content\/uploads\/2026\/01\/WhatsApp-Image-2025-12-19-at-10.36.37-1-1152x1536.jpeg 1152w, https:\/\/www.afaescolabarcelona.cat\/wp-content\/uploads\/2026\/01\/WhatsApp-Image-2025-12-19-at-10.36.37-1.jpeg 1200w\" sizes=\"auto, (max-width: 768px) 100vw, 768px\" \/><\/figure>\n\n\n\n<figure class=\"wp-block-image size-large\"><img loading=\"lazy\" decoding=\"async\" width=\"1024\" height=\"768\" data-id=\"3012\" src=\"https:\/\/www.afaescolabarcelona.cat\/wp-content\/uploads\/2026\/01\/WhatsApp-Image-2025-12-19-at-10.36.37-1024x768.jpeg\" alt=\"\" class=\"wp-image-3012\" srcset=\"https:\/\/www.afaescolabarcelona.cat\/wp-content\/uploads\/2026\/01\/WhatsApp-Image-2025-12-19-at-10.36.37-1024x768.jpeg 1024w, https:\/\/www.afaescolabarcelona.cat\/wp-content\/uploads\/2026\/01\/WhatsApp-Image-2025-12-19-at-10.36.37-300x225.jpeg 300w, https:\/\/www.afaescolabarcelona.cat\/wp-content\/uploads\/2026\/01\/WhatsApp-Image-2025-12-19-at-10.36.37-768x576.jpeg 768w, https:\/\/www.afaescolabarcelona.cat\/wp-content\/uploads\/2026\/01\/WhatsApp-Image-2025-12-19-at-10.36.37-1536x1152.jpeg 1536w, https:\/\/www.afaescolabarcelona.cat\/wp-content\/uploads\/2026\/01\/WhatsApp-Image-2025-12-19-at-10.36.37.jpeg 1600w\" sizes=\"auto, (max-width: 1024px) 100vw, 1024px\" \/><\/figure>\n<\/figure>\n","protected":false},"excerpt":{"rendered":"<p>El 19 de desembre, els m\u00e9s petits de l\u2019escola van rebre una visita molt especial: el Patge Reial! Amb gran il\u00b7lusi\u00f3, els infants el van acollir amb somriures i emoci\u00f3, preparats per compartir amb ell les seves cartes i postals fetes a m\u00e0. Va ser un moment molt especial en [&hellip;]<\/p>\n","protected":false},"author":1,"featured_media":3013,"comment_status":"open","ping_status":"open","sticky":false,"template":"","format":"standard","meta":{"footnotes":""},"categories":[12],"tags":[],"class_list":["post-3010","post","type-post","status-publish","format-standard","has-post-thumbnail","hentry","category-general"],"post_mailing_queue_ids":[],"_links":{"self":[{"href":"https:\/\/www.afaescolabarcelona.cat\/index.php\/wp-json\/wp\/v2\/posts\/3010","targetHints":{"allow":["GET"]}}],"collection":[{"href":"https:\/\/www.afaescolabarcelona.cat\/index.php\/wp-json\/wp\/v2\/posts"}],"about":[{"href":"https:\/\/www.afaescolabarcelona.cat\/index.php\/wp-json\/wp\/v2\/types\/post"}],"author":[{"embeddable":true,"href":"https:\/\/www.afaescolabarcelona.cat\/index.php\/wp-json\/wp\/v2\/users\/1"}],"replies":[{"embeddable":true,"href":"https:\/\/www.afaescolabarcelona.cat\/index.php\/wp-json\/wp\/v2\/comments?post=3010"}],"version-history":[{"count":1,"href":"https:\/\/www.afaescolabarcelona.cat\/index.php\/wp-json\/wp\/v2\/posts\/3010\/revisions"}],"predecessor-version":[{"id":3014,"href":"https:\/\/www.afaescolabarcelona.cat\/index.php\/wp-json\/wp\/v2\/posts\/3010\/revisions\/3014"}],"wp:featuredmedia":[{"embeddable":true,"href":"https:\/\/www.afaescolabarcelona.cat\/index.php\/wp-json\/wp\/v2\/media\/3013"}],"wp:attachment":[{"href":"https:\/\/www.afaescolabarcelona.cat\/index.php\/wp-json\/wp\/v2\/media?parent=3010"}],"wp:term":[{"taxonomy":"category","embeddable":true,"href":"https:\/\/www.afaescolabarcelona.cat\/index.php\/wp-json\/wp\/v2\/categories?post=3010"},{"taxonomy":"post_tag","embeddable":true,"href":"https:\/\/www.afaescolabarcelona.cat\/index.php\/wp-json\/wp\/v2\/tags?post=3010"}],"curies":[{"name":"wp","href":"https:\/\/api.w.org\/{rel}","templated":true}]}}