{"id":53,"date":"2015-04-27T11:17:00","date_gmt":"2015-04-27T10:17:00","guid":{"rendered":"http:\/\/afaescolabarcelona.cat\/index.php\/2015\/04\/27\/cloenda-activitats-extraescolars\/"},"modified":"2020-11-22T08:43:36","modified_gmt":"2020-11-22T07:43:36","slug":"cloenda-activitats-extraescolars","status":"publish","type":"post","link":"https:\/\/www.afaescolabarcelona.cat\/index.php\/2015\/04\/27\/cloenda-activitats-extraescolars\/","title":{"rendered":"CLOENDA ACTIVITATS EXTRAESCOLARS"},"content":{"rendered":"<p><!--[if gte mso 9]><xml> <w:WordDocument>  <w:View>Normal<\/w:View>  <w:Zoom>0<\/w:Zoom>  <w:TrackMoves\/>  <w:TrackFormatting\/>  <w:HyphenationZone>21<\/w:HyphenationZone>  <w:PunctuationKerning\/>  <w:ValidateAgainstSchemas\/>  <w:SaveIfXMLInval>false<\/w:SaveIfXMLInvalid>  <w:IgnoreMixedContent>false<\/w:IgnoreMixedContent>  <w:AlwaysShowPlaceholderText>false<\/w:AlwaysShowPlaceholderText>  <w:DoNotPromoteQF\/>  <w:LidThemeOther>ES<\/w:LidThemeOther>  <w:LidThemeAsian>X-NONE<\/w:LidThemeAsian>  <w:LidThemeComplexScript>X-NONE<\/w:LidThemeComplexScript>  <w:Compatibility>   <w:BreakWrappedTables\/>   <w:SnapToGridInCell\/>   <w:WrapTextWithPunct\/>   <w:UseAsianBreakRules\/>   <w:DontGrowAutofit\/>   <w:SplitPgBreakAndParaMark\/>   <w:EnableOpenTypeKerning\/>   <w:DontFlipMirrorIndents\/>   <w:OverrideTableStyleHps\/>  <\/w:Compatibility>  <w:BrowserLevel>MicrosoftInternetExplorer4<\/w:BrowserLevel>  <m:mathPr>   <m:mathFont m:val=\"Cambria Math\"\/>   <m:brkBin m:val=\"before\"\/>   <m:brkBinSub m:val=\"&#45;-\"\/>   <m:smallFrac m:val=\"off\"\/>   <m:dispDef\/>   <m:lMargin m:val=\"0\"\/>   <m:rMargin m:val=\"0\"\/>   <m:defJc m:val=\"centerGroup\"\/>   <m:wrapIndent m:val=\"1440\"\/>   <m:intLim m:val=\"subSup\"\/>   <m:naryLim m:val=\"undOvr\"\/>  <\/m:mathPr><\/w:WordDocument><\/xml><![endif]--><span style=\"font-family: Arial,Helvetica,sans-serif; font-size: small;\"><span lang=\"CA\" style=\"mso-ansi-language: CA;\">Benvolgudes fam\u00edlies,&nbsp;<\/span><\/span><\/p>\n<div><span style=\"font-family: Arial,Helvetica,sans-serif; font-size: small;\"><br \/><\/span><\/div>\n<div><span style=\"font-family: Arial,Helvetica,sans-serif; font-size: small;\"><span lang=\"CA\" style=\"mso-ansi-language: CA;\">com ja sabeu al mes de maig acaben totes les activitats extraescolars que es fan a l&#8217;Escola i que s&#8217;organitzen des de l&#8217;AMPA, \u00c9s per aix\u00f2 que us convidem als actes de cloenda per algunes de es activitats extraescolars en les que participen els vostres fills i filles.&nbsp;<\/span><\/span><\/div>\n<div><span style=\"font-family: Arial,Helvetica,sans-serif; font-size: small;\"><br \/><\/span><\/div>\n<div><span style=\"font-family: Arial,Helvetica,sans-serif; font-size: small;\"><span lang=\"CA\" style=\"mso-ansi-language: CA;\">En el seg\u00fcent link (<\/span><span lang=\"CA\" style=\"mso-ansi-language: CA;\"><span lang=\"CA\" style=\"mso-ansi-language: CA;\"><a href=\"https:\/\/drive.google.com\/file\/d\/0B9wIWP-4_J71RVBoM2tBS2lDUG8\/view?usp=sharing\" target=\"_blank\" rel=\"noopener noreferrer\">BAM 2015<\/a>) podeu<\/span> trobar l&#8217;arxiu&nbsp; <\/span><span lang=\"CA\" style=\"mso-ansi-language: CA;\">amb la programaci\u00f3, les indicacions detallades i les hores de convocat\u00f2ria per a cadascuna de les activitats d&#8217; elles. &nbsp;&nbsp;<\/span><\/span> <\/div>\n<div><span style=\"font-family: Arial,Helvetica,sans-serif; font-size: small;\"><br \/><\/span><\/div>\n<div><span style=\"font-family: Arial,Helvetica,sans-serif; font-size: small;\"><span lang=\"CA\" style=\"mso-ansi-language: CA;\">Per als nens i nenes de 1r i 2n de F\u00fatbol i B\u00e0sket, UBAE t\u00e9 prevista la participaci\u00f3 en una trobada a final de mes, per\u00f2 de moment no tenen informaci\u00f3 m\u00e9s concreta.&nbsp; Tant aviat la tinguin us informaran.&nbsp;<\/span><\/span><\/div>\n<div><span style=\"font-family: Arial,Helvetica,sans-serif; font-size: small;\"><br \/><\/span><\/div>\n<div><span style=\"font-family: Arial,Helvetica,sans-serif; font-size: small;\"><span lang=\"CA\" style=\"mso-ansi-language: CA;\"><br \/><\/span><\/span><\/div>\n<div><span style=\"font-family: Arial,Helvetica,sans-serif; font-size: small;\"><span lang=\"CA\" style=\"mso-ansi-language: CA;\">&nbsp;<\/span><span lang=\"CA\" style=\"mso-ansi-language: CA;\">&nbsp;<\/span> <\/span><\/div>\n<div><span style=\"font-family: Arial,Helvetica,sans-serif; font-size: small;\"><span lang=\"CA\" style=\"mso-ansi-language: CA;\">Esperem passar-ho molt b\u00e9!!<\/span><\/span><\/div>\n","protected":false},"excerpt":{"rendered":"<p>Benvolgudes fam\u00edlies,&nbsp; com ja sabeu al mes de maig acaben totes les activitats extraescolars que es fan a l&#8217;Escola i que s&#8217;organitzen des de l&#8217;AMPA, \u00c9s per aix\u00f2 que us convidem als actes de cloenda per algunes de es activitats extraescolars en les que participen els vostres fills i filles.&nbsp; [&hellip;]<\/p>\n","protected":false},"author":1,"featured_media":0,"comment_status":"open","ping_status":"open","sticky":false,"template":"","format":"standard","meta":{"footnotes":""},"categories":[32],"tags":[],"class_list":["post-53","post","type-post","status-publish","format-standard","hentry","category-extraescolars"],"post_mailing_queue_ids":[],"_links":{"self":[{"href":"https:\/\/www.afaescolabarcelona.cat\/index.php\/wp-json\/wp\/v2\/posts\/53","targetHints":{"allow":["GET"]}}],"collection":[{"href":"https:\/\/www.afaescolabarcelona.cat\/index.php\/wp-json\/wp\/v2\/posts"}],"about":[{"href":"https:\/\/www.afaescolabarcelona.cat\/index.php\/wp-json\/wp\/v2\/types\/post"}],"author":[{"embeddable":true,"href":"https:\/\/www.afaescolabarcelona.cat\/index.php\/wp-json\/wp\/v2\/users\/1"}],"replies":[{"embeddable":true,"href":"https:\/\/www.afaescolabarcelona.cat\/index.php\/wp-json\/wp\/v2\/comments?post=53"}],"version-history":[{"count":1,"href":"https:\/\/www.afaescolabarcelona.cat\/index.php\/wp-json\/wp\/v2\/posts\/53\/revisions"}],"predecessor-version":[{"id":1602,"href":"https:\/\/www.afaescolabarcelona.cat\/index.php\/wp-json\/wp\/v2\/posts\/53\/revisions\/1602"}],"wp:attachment":[{"href":"https:\/\/www.afaescolabarcelona.cat\/index.php\/wp-json\/wp\/v2\/media?parent=53"}],"wp:term":[{"taxonomy":"category","embeddable":true,"href":"https:\/\/www.afaescolabarcelona.cat\/index.php\/wp-json\/wp\/v2\/categories?post=53"},{"taxonomy":"post_tag","embeddable":true,"href":"https:\/\/www.afaescolabarcelona.cat\/index.php\/wp-json\/wp\/v2\/tags?post=53"}],"curies":[{"name":"wp","href":"https:\/\/api.w.org\/{rel}","templated":true}]}}