{"id":61,"date":"2014-09-22T08:06:00","date_gmt":"2014-09-22T07:06:00","guid":{"rendered":"http:\/\/afaescolabarcelona.cat\/index.php\/2014\/09\/22\/reunions-informatives-activitats-extraescolars-3\/"},"modified":"2020-11-22T08:45:29","modified_gmt":"2020-11-22T07:45:29","slug":"reunions-informatives-activitats-extraescolars-3","status":"publish","type":"post","link":"https:\/\/www.afaescolabarcelona.cat\/index.php\/2014\/09\/22\/reunions-informatives-activitats-extraescolars-3\/","title":{"rendered":"REUNIONS INFORMATIVES ACTIVITATS EXTRAESCOLARS"},"content":{"rendered":"<p><span lang=\"ES-MODERN\"><span style=\"font-family: Arial, Helvetica, sans-serif;\">Benvolgudes fam\u00edlies, <\/span><\/span><\/p>\n<div align=\"LEFT\" dir=\"LTR\"><span lang=\"ES-MODERN\"><span style=\"font-family: Arial, Helvetica, sans-serif;\"><\/span><\/span><span lang=\"ES-MODERN\"><\/span><br \/><span lang=\"ES-MODERN\"><span style=\"font-family: Arial, Helvetica, sans-serif;\">Som a l\u2019inici d\u2019un nou curs escolar i, com sempre, ens posem en contacte amb vosaltres per donar-vos la benvinguda. <\/span><\/span><\/div>\n<p><span lang=\"ES-MODERN\"><span style=\"font-family: Arial, Helvetica, sans-serif;\"><\/span><\/span><\/p>\n<div align=\"LEFT\" dir=\"LTR\"><span lang=\"ES-MODERN\"><span style=\"font-family: Arial, Helvetica, sans-serif;\">A continuaci\u00f3 us presentem la relaci\u00f3 de reunions que es duran a terme d\u2019algunes de les activitats extraescolars que hem previst fer durant aquest any. <\/span><\/span><\/div>\n<p><span lang=\"ES-MODERN\"><span style=\"font-family: Arial, Helvetica, sans-serif;\"><\/span><\/span><\/p>\n<div align=\"LEFT\" dir=\"LTR\"><span lang=\"ES-MODERN\"><span style=\"font-family: Arial, Helvetica, sans-serif;\">Esperem que sigui de l\u2019inter\u00e8s i del gust dels vostres fills i filles, i que els animeu a participar-hi activament. <\/span><\/span><\/div>\n<p><span lang=\"ES-MODERN\"><span style=\"font-family: Arial, Helvetica, sans-serif;\"> <br \/><\/span><\/span><\/p>\n<div style=\"line-height: normal; margin: 0cm 0cm 0pt;\"><span lang=\"ES-MODERN\"><b><span style=\"font-family: Arial, Helvetica, sans-serif; mso-fareast-font-family: &quot;Times New Roman&quot;; mso-fareast-language: ES;\">REUNI\u00d3 INFORMATIVA ACTIVITATS DIVER\u2019S: <\/span><\/b><\/span><\/div>\n<p><span lang=\"ES-MODERN\"><span style=\"font-family: Arial, Helvetica, sans-serif;\"><\/span><\/span><span lang=\"ES-MODERN\"><span style=\"mso-fareast-language: ES;\"><span style=\"font-family: Arial, Helvetica, sans-serif;\">&#8211; Judo- Educaci\u00f3 F\u00edsica de Base &#8211; Jocs Preesportius<o:p><\/o:p><\/span><\/span><\/span><br \/><span lang=\"ES-MODERN\"><span style=\"font-family: Arial, Helvetica, sans-serif;\"> <\/span><\/span><span lang=\"ES-MODERN\"><span style=\"mso-fareast-language: ES;\"><span style=\"font-family: Arial, Helvetica, sans-serif;\">&#8211; Ballem Dansa- Dansa Jazz -Patinatge i R\u00edtmica <br \/>&#8211; Piscina P3,P4 i P5&nbsp;&nbsp;<o:p><\/o:p><\/span><\/span><\/span><br \/><span lang=\"ES-MODERN\"><span style=\"font-family: Arial, Helvetica, sans-serif;\"><b><span style=\"mso-fareast-font-family: &quot;Times New Roman&quot;; mso-fareast-language: ES;\">Dilluns 29 de setembre a les 18:00 hores<\/span><\/b><span style=\"mso-fareast-font-family: &quot;Times New Roman&quot;; mso-fareast-language: ES;\"><o:p><\/o:p><\/span><br \/><span style=\"mso-fareast-font-family: &quot;Times New Roman&quot;; mso-fareast-language: ES;\">LLOC: Biblioteca de l\u2019Escola. <o:p><\/o:p><\/span> <\/span><br \/><\/span><\/p>\n<div style=\"line-height: normal; margin: 0cm 0cm 0pt;\"><span lang=\"ES-MODERN\"><span style=\"font-family: Arial, Helvetica, sans-serif; mso-fareast-font-family: &quot;Times New Roman&quot;; mso-fareast-language: ES;\"><o:p>&nbsp;<\/o:p><\/span><\/span><\/div>\n<p><span lang=\"ES-MODERN\"><span style=\"font-family: Arial, Helvetica, sans-serif;\"><br \/><b><span style=\"mso-fareast-font-family: &quot;Times New Roman&quot;; mso-fareast-language: ES;\">REUNI\u00d3 INFORMATIVA ANGL\u00c8S, nom\u00e9s de P4 a 1r: <o:p><\/o:p><\/span><\/b><br \/><b><span style=\"mso-fareast-font-family: &quot;Times New Roman&quot;; mso-fareast-language: ES;\">Dimarts 30 de setembre a les 17:30 hores <\/span><\/b><span style=\"mso-fareast-font-family: &quot;Times New Roman&quot;; mso-fareast-language: ES;\"><o:p><\/o:p><\/span><br \/><span style=\"mso-fareast-font-family: &quot;Times New Roman&quot;; mso-fareast-language: ES;\">LLOC: Biblioteca de l\u2019Escola <o:p><\/o:p><\/span> <br \/><b><span style=\"mso-fareast-font-family: &quot;Times New Roman&quot;; mso-fareast-language: ES;\"><\/span><\/b><br \/><b><span style=\"mso-fareast-font-family: &quot;Times New Roman&quot;; mso-fareast-language: ES;\">REUNI\u00d3 INFORMATIVA BASQUET-FUTBOL (UBAE): <o:p><\/o:p><\/span><\/b><br \/><span style=\"mso-fareast-font-family: &quot;Times New Roman&quot;; mso-fareast-language: ES;\">Escola de Futbol i B\u00e0squet de 1er fins a 6\u00e8. <\/span><br \/><b><span style=\"mso-fareast-font-family: &quot;Times New Roman&quot;; mso-fareast-language: ES;\"><o:p><\/o:p><\/span><\/b><b><span style=\"mso-fareast-font-family: &quot;Times New Roman&quot;; mso-fareast-language: ES;\">Dimarts 30 de setembre a les 19:00 hores<o:p><\/o:p><\/span><\/b><br \/><span style=\"mso-fareast-font-family: &quot;Times New Roman&quot;; mso-fareast-language: ES;\">LLOC: Biblioteca de l\u2019Escola <\/span><b><span style=\"mso-fareast-font-family: &quot;Times New Roman&quot;; mso-fareast-language: ES;\"><o:p><\/o:p><\/span><\/b><\/p>\n<p> <\/span><\/p>\n<div style=\"line-height: normal; margin: 0cm 0cm 10pt; mso-margin-bottom-alt: auto; mso-margin-top-alt: auto;\"><span style=\"font-family: Arial, Helvetica, sans-serif;\"><b><span style=\"mso-fareast-font-family: &quot;Times New Roman&quot;; mso-fareast-language: ES;\">NOTA IMPORTANT<\/span><\/b><span style=\"mso-fareast-font-family: &quot;Times New Roman&quot;; mso-fareast-language: ES;\">: <o:p><\/o:p><\/span><\/span><\/div>\n<p><span style=\"font-family: Arial, Helvetica, sans-serif;\">  <span style=\"line-height: 115%; mso-ansi-language: ES; mso-bidi-language: AR-SA; mso-fareast-font-family: &quot;Times New Roman&quot;; mso-fareast-language: ES;\">Per a totes les reunions hi haur\u00e0 servei de mainadera per a les persones que ho sol\u00b7licitin com a molt tard divendres 26 de setembre enviant correu a ampaescolabarcelona@gmail.com, indicant per a quina reuni\u00f3 la sol\u00b7liciteu. <\/span> <\/span><span style=\"font-family: Arial, Helvetica, sans-serif;\"><\/span><span style=\"font-family: Arial, Helvetica, sans-serif;\"><\/span><\/span><\/p>\n","protected":false},"excerpt":{"rendered":"<p>Benvolgudes fam\u00edlies, Som a l\u2019inici d\u2019un nou curs escolar i, com sempre, ens posem en contacte amb vosaltres per donar-vos la benvinguda. A continuaci\u00f3 us presentem la relaci\u00f3 de reunions que es duran a terme d\u2019algunes de les activitats extraescolars que hem previst fer durant aquest any. Esperem que sigui [&hellip;]<\/p>\n","protected":false},"author":1,"featured_media":0,"comment_status":"open","ping_status":"open","sticky":false,"template":"","format":"standard","meta":{"footnotes":""},"categories":[32],"tags":[],"class_list":["post-61","post","type-post","status-publish","format-standard","hentry","category-extraescolars"],"post_mailing_queue_ids":[],"_links":{"self":[{"href":"https:\/\/www.afaescolabarcelona.cat\/index.php\/wp-json\/wp\/v2\/posts\/61","targetHints":{"allow":["GET"]}}],"collection":[{"href":"https:\/\/www.afaescolabarcelona.cat\/index.php\/wp-json\/wp\/v2\/posts"}],"about":[{"href":"https:\/\/www.afaescolabarcelona.cat\/index.php\/wp-json\/wp\/v2\/types\/post"}],"author":[{"embeddable":true,"href":"https:\/\/www.afaescolabarcelona.cat\/index.php\/wp-json\/wp\/v2\/users\/1"}],"replies":[{"embeddable":true,"href":"https:\/\/www.afaescolabarcelona.cat\/index.php\/wp-json\/wp\/v2\/comments?post=61"}],"version-history":[{"count":1,"href":"https:\/\/www.afaescolabarcelona.cat\/index.php\/wp-json\/wp\/v2\/posts\/61\/revisions"}],"predecessor-version":[{"id":1608,"href":"https:\/\/www.afaescolabarcelona.cat\/index.php\/wp-json\/wp\/v2\/posts\/61\/revisions\/1608"}],"wp:attachment":[{"href":"https:\/\/www.afaescolabarcelona.cat\/index.php\/wp-json\/wp\/v2\/media?parent=61"}],"wp:term":[{"taxonomy":"category","embeddable":true,"href":"https:\/\/www.afaescolabarcelona.cat\/index.php\/wp-json\/wp\/v2\/categories?post=61"},{"taxonomy":"post_tag","embeddable":true,"href":"https:\/\/www.afaescolabarcelona.cat\/index.php\/wp-json\/wp\/v2\/tags?post=61"}],"curies":[{"name":"wp","href":"https:\/\/api.w.org\/{rel}","templated":true}]}}