{"id":69,"date":"2014-06-03T08:08:00","date_gmt":"2014-06-03T07:08:00","guid":{"rendered":"http:\/\/afaescolabarcelona.cat\/index.php\/2014\/06\/03\/exhibicions-de-danses-ritmica-i-patinatge\/"},"modified":"2022-06-07T09:21:55","modified_gmt":"2022-06-07T08:21:55","slug":"exhibicions-de-danses-ritmica-i-patinatge","status":"publish","type":"post","link":"https:\/\/www.afaescolabarcelona.cat\/index.php\/2014\/06\/03\/exhibicions-de-danses-ritmica-i-patinatge\/","title":{"rendered":"EXHIBICIONS DE DANSES, R\u00cdTMICA I PATINATGE"},"content":{"rendered":"<div style=\"background: white;\"><span style=\"color: #222222; font-family: &quot;Calibri&quot;,&quot;sans-serif&quot;; font-size: 14pt;\">Benvolgudes fam\u00edlies,<\/span><span style=\"color: #222222;\"><o:p><\/o:p><\/span><\/div>\n<div style=\"background: white;\"><span style=\"color: #222222; font-family: &quot;Calibri&quot;,&quot;sans-serif&quot;; font-size: 14pt;\">Us informem que les exhibicions de danses, r\u00edtmica i patinatge que per problemes meteorol\u00f2gics&nbsp;es van haver d&#8217;anul\u00b7lar la setmana passada, es duran finalment &nbsp;a terme&nbsp;el <\/span><b><u><span style=\"color: #222222; font-family: &quot;Calibri&quot;,&quot;sans-serif&quot;; font-size: 16pt;\">dimarts &nbsp;10 de Juny amb el seg\u00fcent calendari:<\/span><\/u><\/b><span style=\"color: #222222;\"><o:p><\/o:p><\/span><\/div>\n<div style=\"background: white;\"><span style=\"color: #222222;\"><o:p>&nbsp;<\/o:p><\/span><\/div>\n<div style=\"background: white;\"><b><u><span style=\"color: #222222; font-family: &quot;Calibri&quot;,&quot;sans-serif&quot;; font-size: 14pt;\">BALLEM DANSA, DANSA-JAZZ I FUNKY-HIP HOP<br \/>\n<\/span><\/u><\/b><span style=\"color: #222222; font-family: &quot;Calibri&quot;,&quot;sans-serif&quot;; font-size: 14pt;\">Les nenes i els nens hauran d&#8217;estar a&nbsp;<b>les 17h &nbsp;al gimn\u00e0s<\/b>&nbsp;amb la roba que us hagin dit les monitores. &nbsp;<\/span><span style=\"color: #222222;\"><o:p><\/o:p><\/span><\/div>\n<div style=\"background: white;\"><b><span style=\"color: #222222; font-family: &quot;Calibri&quot;,&quot;sans-serif&quot;; font-size: 14pt;\">L&#8217;actuaci\u00f3 comen\u00e7ar\u00e0 a les 17:45h per a les fam\u00edlies al pati de l&#8217;Escola<\/span><\/b><span style=\"color: #222222; font-family: &quot;Calibri&quot;,&quot;sans-serif&quot;; font-size: 14pt;\">.&nbsp;<\/span><span style=\"color: #222222;\"><o:p><\/o:p><\/span><\/div>\n<div style=\"background: white;\"><span style=\"color: #222222; font-family: &quot;Calibri&quot;,&quot;sans-serif&quot;; font-size: 14pt;\">Excepcionalment,&nbsp; els alumnes&nbsp;que facin&nbsp; ludoteca fins les 17h ,&nbsp;no caldr\u00e0 &nbsp;que vingueu a recollir- los i per tant, les fam\u00edlies podreu &nbsp;venir directament a l&#8217;hora de l&#8217;actuaci\u00f3 ( 17:45h)<\/span><span style=\"color: #222222;\"><o:p><\/o:p><\/span><\/div>\n<div style=\"background: white;\"><b><u><span style=\"color: #222222; font-family: &quot;Calibri&quot;,&quot;sans-serif&quot;; font-size: 14pt;\">RITMICA I PATINATGE<\/span><\/u><\/b><span style=\"color: #222222;\"><o:p><\/o:p><\/span><\/div>\n<div style=\"background: white;\"><span style=\"color: #222222; font-family: &quot;Calibri&quot;,&quot;sans-serif&quot;; font-size: 14pt;\">Les nenes i nens han d&#8217;estar&nbsp;<b>a les 18h al gimn\u00e0s<\/b>&nbsp;amb la roba que us hagin confirmat les monitores. &nbsp;<\/span><span style=\"color: #222222;\"><o:p><\/o:p><\/span><\/div>\n<div style=\"background: white;\"><b><span style=\"color: #222222; font-family: &quot;Calibri&quot;,&quot;sans-serif&quot;; font-size: 14pt;\">Les exhibicions comen\u00e7aran a les 18:30h per a les fam\u00edlies al pati de l&#8217;Escola.&nbsp;<\/span><\/b><span style=\"color: #222222;\"><o:p><\/o:p><\/span><\/div>\n<div style=\"background: white;\"><span style=\"color: #222222; font-family: &quot;Calibri&quot;,&quot;sans-serif&quot;; font-size: 14pt;\">Salutacions i gr\u00e0cies de nou per la vostra col.laboraci\u00f3<\/span><span style=\"color: #222222;\"><o:p><\/o:p><\/span><\/div>\n<div style=\"background: white;\"><span style=\"color: #222222; font-family: &quot;Calibri&quot;,&quot;sans-serif&quot;; font-size: 14pt;\">JUNTA AMPA ESCOLA BARCELONA<\/span><span style=\"color: #222222;\"><o:p><\/o:p><\/span><\/div>\n","protected":false},"excerpt":{"rendered":"<p>Benvolgudes fam\u00edlies, Us informem que les exhibicions de danses, r\u00edtmica i patinatge que per problemes meteorol\u00f2gics&nbsp;es van haver d&#8217;anul\u00b7lar la setmana passada, es duran finalment &nbsp;a terme&nbsp;el dimarts &nbsp;10 de Juny amb el seg\u00fcent calendari: &nbsp; BALLEM DANSA, DANSA-JAZZ I FUNKY-HIP HOP Les nenes i els nens hauran d&#8217;estar a&nbsp;les [&hellip;]<\/p>\n","protected":false},"author":1,"featured_media":0,"comment_status":"closed","ping_status":"closed","sticky":false,"template":"","format":"standard","meta":{"footnotes":""},"categories":[32],"tags":[],"class_list":["post-69","post","type-post","status-publish","format-standard","hentry","category-extraescolars"],"post_mailing_queue_ids":[],"_links":{"self":[{"href":"https:\/\/www.afaescolabarcelona.cat\/index.php\/wp-json\/wp\/v2\/posts\/69","targetHints":{"allow":["GET"]}}],"collection":[{"href":"https:\/\/www.afaescolabarcelona.cat\/index.php\/wp-json\/wp\/v2\/posts"}],"about":[{"href":"https:\/\/www.afaescolabarcelona.cat\/index.php\/wp-json\/wp\/v2\/types\/post"}],"author":[{"embeddable":true,"href":"https:\/\/www.afaescolabarcelona.cat\/index.php\/wp-json\/wp\/v2\/users\/1"}],"replies":[{"embeddable":true,"href":"https:\/\/www.afaescolabarcelona.cat\/index.php\/wp-json\/wp\/v2\/comments?post=69"}],"version-history":[{"count":2,"href":"https:\/\/www.afaescolabarcelona.cat\/index.php\/wp-json\/wp\/v2\/posts\/69\/revisions"}],"predecessor-version":[{"id":2188,"href":"https:\/\/www.afaescolabarcelona.cat\/index.php\/wp-json\/wp\/v2\/posts\/69\/revisions\/2188"}],"wp:attachment":[{"href":"https:\/\/www.afaescolabarcelona.cat\/index.php\/wp-json\/wp\/v2\/media?parent=69"}],"wp:term":[{"taxonomy":"category","embeddable":true,"href":"https:\/\/www.afaescolabarcelona.cat\/index.php\/wp-json\/wp\/v2\/categories?post=69"},{"taxonomy":"post_tag","embeddable":true,"href":"https:\/\/www.afaescolabarcelona.cat\/index.php\/wp-json\/wp\/v2\/tags?post=69"}],"curies":[{"name":"wp","href":"https:\/\/api.w.org\/{rel}","templated":true}]}}