{"id":72,"date":"2014-05-28T12:01:00","date_gmt":"2014-05-28T11:01:00","guid":{"rendered":"http:\/\/afaescolabarcelona.cat\/index.php\/2014\/05\/28\/actuacions-dimecres-28\/"},"modified":"2022-07-13T11:58:29","modified_gmt":"2022-07-13T10:58:29","slug":"actuacions-dimecres-28","status":"publish","type":"post","link":"https:\/\/www.afaescolabarcelona.cat\/index.php\/2014\/05\/28\/actuacions-dimecres-28\/","title":{"rendered":"ACTUACIONS DIMECRES 28"},"content":{"rendered":"<div style=\"background-color: white; color: #222222; direction: ltr; font-style: normal; font-variant: normal; font-weight: normal; letter-spacing: normal; line-height: normal; margin: 5px 15px 0px 0px; padding-bottom: 5px; position: relative; text-align: start; text-indent: 0px; text-transform: none; white-space: normal; word-spacing: 0px; z-index: 0;\">\n<div style=\"overflow: hidden;\">\n<div dir=\"ltr\">\n<div>\n<div lang=\"ES\">\n<div>\n<div>\n<div align=\"center\" style=\"line-height: 19.2px; margin: 0px; text-align: center;\"><span style=\"font-family: inherit;\"><span style=\"font-size: large;\"><span style=\"line-height: 48px;\">US INFORMEM QUE DE MOMENT CONTINUEM SEGONS LA PLANIFICACI\u00d3 AMB LES EXHIBICIONS DE<\/span><\/span><\/span><\/div>\n<div align=\"center\" style=\"line-height: 19.2px; margin: 0px; text-align: center;\"><span style=\"font-family: inherit;\"><span style=\"font-size: large;\"><b><span style=\"line-height: 48px;\">DANSES, R\u00cdTMICA I PATINATGE<\/span><\/b><span style=\"line-height: 48px;\">,<\/span><\/span><\/span><\/div>\n<div align=\"center\" style=\"line-height: 19.2px; margin: 0px; text-align: center;\"><span style=\"font-family: inherit;\"><span style=\"font-size: large;\"><span style=\"line-height: 48px;\">PROGRAMADES PER<span>&nbsp;<\/span><b><span style=\"color: #e36c0a;\">AVUI DIMECRES<\/span><\/b><\/span><\/span><\/span><\/div>\n<div align=\"center\" style=\"line-height: 14.72px; margin: 0px; text-align: center;\"><\/div>\n<div align=\"center\" style=\"line-height: 14.72px; margin: 0px; text-align: center;\"><span style=\"font-family: inherit;\"><span style=\"font-size: large;\"><span style=\"line-height: 36.8px;\"><span style=\"color: black;\">NO OBSTANT, SI EN ALG\u00daN MOMENT COMEN\u00c7\u00c9S A PLOURE S\u2019HAURAN D\u2019ANUL.LAR O INTERROMPRE &nbsp;AUTOM\u00c0TICAMENT , &nbsp;I EN AQUEST CAS , JA &nbsp;US INFORMAREM&nbsp; EL M\u00c9S AVIAT&nbsp; POSSIBLE DE LES PROPERES DATES DE LES ACTUACIONS.<\/span><\/span><\/span><\/span><\/div>\n<div align=\"center\" style=\"margin: 0px; text-align: center;\"><\/div>\n<div align=\"center\" style=\"margin: 0px; text-align: center;\"><span style=\"font-family: inherit;\"><span style=\"font-size: large;\"><i><span>AMPA ESCOLA BARCELONA<\/span><\/i><\/span><\/span><\/div>\n<\/div>\n<\/div>\n<\/div>\n<\/div>\n<\/div>\n<\/div>\n<\/div>\n<div style=\"-webkit-text-stroke-width: 0px; background-color: white; clear: both; color: #222222; font-family: arial, sans-serif; font-size: 13px; font-style: normal; font-variant: normal; font-weight: normal; letter-spacing: normal; line-height: normal; margin: 15px 0px; orphans: auto; text-align: start; text-indent: 0px; text-transform: none; white-space: normal; widows: auto; word-spacing: 0px;\"><br class=\"Apple-interchange-newline\"><\/div>\n","protected":false},"excerpt":{"rendered":"<p>US INFORMEM QUE DE MOMENT CONTINUEM SEGONS LA PLANIFICACI\u00d3 AMB LES EXHIBICIONS DE DANSES, R\u00cdTMICA I PATINATGE, PROGRAMADES PER&nbsp;AVUI DIMECRES NO OBSTANT, SI EN ALG\u00daN MOMENT COMEN\u00c7\u00c9S A PLOURE S\u2019HAURAN D\u2019ANUL.LAR O INTERROMPRE &nbsp;AUTOM\u00c0TICAMENT , &nbsp;I EN AQUEST CAS , JA &nbsp;US INFORMAREM&nbsp; EL M\u00c9S AVIAT&nbsp; POSSIBLE DE LES PROPERES [&hellip;]<\/p>\n","protected":false},"author":1,"featured_media":0,"comment_status":"closed","ping_status":"closed","sticky":false,"template":"","format":"standard","meta":{"footnotes":""},"categories":[32],"tags":[],"class_list":["post-72","post","type-post","status-publish","format-standard","hentry","category-extraescolars"],"post_mailing_queue_ids":[],"_links":{"self":[{"href":"https:\/\/www.afaescolabarcelona.cat\/index.php\/wp-json\/wp\/v2\/posts\/72","targetHints":{"allow":["GET"]}}],"collection":[{"href":"https:\/\/www.afaescolabarcelona.cat\/index.php\/wp-json\/wp\/v2\/posts"}],"about":[{"href":"https:\/\/www.afaescolabarcelona.cat\/index.php\/wp-json\/wp\/v2\/types\/post"}],"author":[{"embeddable":true,"href":"https:\/\/www.afaescolabarcelona.cat\/index.php\/wp-json\/wp\/v2\/users\/1"}],"replies":[{"embeddable":true,"href":"https:\/\/www.afaescolabarcelona.cat\/index.php\/wp-json\/wp\/v2\/comments?post=72"}],"version-history":[{"count":2,"href":"https:\/\/www.afaescolabarcelona.cat\/index.php\/wp-json\/wp\/v2\/posts\/72\/revisions"}],"predecessor-version":[{"id":2194,"href":"https:\/\/www.afaescolabarcelona.cat\/index.php\/wp-json\/wp\/v2\/posts\/72\/revisions\/2194"}],"wp:attachment":[{"href":"https:\/\/www.afaescolabarcelona.cat\/index.php\/wp-json\/wp\/v2\/media?parent=72"}],"wp:term":[{"taxonomy":"category","embeddable":true,"href":"https:\/\/www.afaescolabarcelona.cat\/index.php\/wp-json\/wp\/v2\/categories?post=72"},{"taxonomy":"post_tag","embeddable":true,"href":"https:\/\/www.afaescolabarcelona.cat\/index.php\/wp-json\/wp\/v2\/tags?post=72"}],"curies":[{"name":"wp","href":"https:\/\/api.w.org\/{rel}","templated":true}]}}