{"id":83,"date":"2013-12-13T15:07:00","date_gmt":"2013-12-13T14:07:00","guid":{"rendered":"http:\/\/afaescolabarcelona.cat\/index.php\/2013\/12\/13\/butlleti-fempinya-desembre-2013\/"},"modified":"2020-11-22T08:56:31","modified_gmt":"2020-11-22T07:56:31","slug":"butlleti-fempinya-desembre-2013","status":"publish","type":"post","link":"https:\/\/www.afaescolabarcelona.cat\/index.php\/2013\/12\/13\/butlleti-fempinya-desembre-2013\/","title":{"rendered":"Butllet\u00ed FemPinya! Desembre 2013"},"content":{"rendered":"<p><span style=\"font-family: Arial,Helvetica,sans-serif;\">Ja  teniu disponible el primer FemPinya! (butllet\u00ed informatiu de l&#8217;AMPA) del  curs, en el que publiquem tot un recull de not\u00edcies, esdeveniments i  informacions al llarg d&#8217;aquests primers mesos. <\/span><br \/><span style=\"font-family: Arial,Helvetica,sans-serif;\">&nbsp; <\/span><br \/><span style=\"font-family: Arial,Helvetica,sans-serif;\">El podeu consultar&nbsp; en el seg\u00fcent <a href=\"https:\/\/drive.google.com\/file\/d\/0B9wIWP-4_J71aDJnZGI5cUQtam8\/edit?usp=sharing\"><span style=\"font-size: small;\">enlla\u00e7<\/span><\/a><\/span><\/p>\n","protected":false},"excerpt":{"rendered":"<p>Ja teniu disponible el primer FemPinya! (butllet\u00ed informatiu de l&#8217;AMPA) del curs, en el que publiquem tot un recull de not\u00edcies, esdeveniments i informacions al llarg d&#8217;aquests primers mesos. &nbsp; El podeu consultar&nbsp; en el seg\u00fcent enlla\u00e7<\/p>\n","protected":false},"author":1,"featured_media":0,"comment_status":"open","ping_status":"open","sticky":false,"template":"","format":"standard","meta":{"footnotes":""},"categories":[8],"tags":[],"class_list":["post-83","post","type-post","status-publish","format-standard","hentry","category-fempinya"],"post_mailing_queue_ids":[],"_links":{"self":[{"href":"https:\/\/www.afaescolabarcelona.cat\/index.php\/wp-json\/wp\/v2\/posts\/83","targetHints":{"allow":["GET"]}}],"collection":[{"href":"https:\/\/www.afaescolabarcelona.cat\/index.php\/wp-json\/wp\/v2\/posts"}],"about":[{"href":"https:\/\/www.afaescolabarcelona.cat\/index.php\/wp-json\/wp\/v2\/types\/post"}],"author":[{"embeddable":true,"href":"https:\/\/www.afaescolabarcelona.cat\/index.php\/wp-json\/wp\/v2\/users\/1"}],"replies":[{"embeddable":true,"href":"https:\/\/www.afaescolabarcelona.cat\/index.php\/wp-json\/wp\/v2\/comments?post=83"}],"version-history":[{"count":1,"href":"https:\/\/www.afaescolabarcelona.cat\/index.php\/wp-json\/wp\/v2\/posts\/83\/revisions"}],"predecessor-version":[{"id":1627,"href":"https:\/\/www.afaescolabarcelona.cat\/index.php\/wp-json\/wp\/v2\/posts\/83\/revisions\/1627"}],"wp:attachment":[{"href":"https:\/\/www.afaescolabarcelona.cat\/index.php\/wp-json\/wp\/v2\/media?parent=83"}],"wp:term":[{"taxonomy":"category","embeddable":true,"href":"https:\/\/www.afaescolabarcelona.cat\/index.php\/wp-json\/wp\/v2\/categories?post=83"},{"taxonomy":"post_tag","embeddable":true,"href":"https:\/\/www.afaescolabarcelona.cat\/index.php\/wp-json\/wp\/v2\/tags?post=83"}],"curies":[{"name":"wp","href":"https:\/\/api.w.org\/{rel}","templated":true}]}}