{"id":87,"date":"2013-10-21T20:11:00","date_gmt":"2013-10-21T19:11:00","guid":{"rendered":"http:\/\/afaescolabarcelona.cat\/index.php\/2013\/10\/21\/afectacio-vaga-activitats-extraescolars-i-servei-de-mainadera\/"},"modified":"2020-11-22T09:03:50","modified_gmt":"2020-11-22T08:03:50","slug":"afectacio-vaga-activitats-extraescolars-i-servei-de-mainadera","status":"publish","type":"post","link":"https:\/\/www.afaescolabarcelona.cat\/index.php\/2013\/10\/21\/afectacio-vaga-activitats-extraescolars-i-servei-de-mainadera\/","title":{"rendered":"Afectaci\u00f3 Vaga Activitats Extraescolars i Servei de Mainadera"},"content":{"rendered":"<p><\/p>\n<div style=\"text-align: justify;\"><span style=\"background-color: white; color: #222222; font-family: inherit;\">Benvolgudes fam\u00edlies,<\/span><\/div>\n<div style=\"text-align: justify;\"><span style=\"color: #222222;\"><br \/><\/span><\/div>\n<div style=\"text-align: justify;\"><span style=\"color: #222222;\"><br \/><\/span><\/div>\n<p><span style=\"background-color: white; color: #222222; font-family: inherit;\"><\/p>\n<div style=\"text-align: justify;\"><span style=\"font-family: inherit;\">Com ja sabeu, aquest<\/span><span style=\"font-family: inherit;\">&nbsp;<\/span><span style=\"font-family: inherit;\">pr\u00f2xim Dijous 24 d\u2019octubre de 2013, hi ha convocada una jornada de vaga d\u2019ensenyament sobre la qual, la Direcci\u00f3 de l\u2019Escola ja<\/span><span style=\"font-family: inherit;\">&nbsp;ens ha confirmat avui mitjan\u00e7ant una nota informativa l\u2019afectaci\u00f3 concreta per cicles i cursos.<\/span><\/div>\n<p><\/span><\/p>\n<div style=\"text-align: justify;\"><span style=\"color: #222222;\"><br \/><\/span><\/div>\n<p><span style=\"background-color: white; color: #222222; font-family: inherit;\"><\/p>\n<div style=\"text-align: justify;\"><span style=\"font-family: inherit;\">En aquest sentit, des de l\u2019AMPA tamb\u00e9 hem establert comunicaci\u00f3 amb les empreses d\u2019extraescolars i mainadera per tal de con\u00e8ixer quin seguiment&nbsp;<\/span><span style=\"font-family: inherit;\">i repercussions tindr\u00e0 el seguiment de la vaga en aquestes activitats. Aix\u00ed doncs, despr\u00e9s de rebre resposta,us informem que totes les activitats d<\/span><span style=\"font-family: inherit;\">\u2019<\/span><span style=\"font-family: inherit;\">&nbsp;extraescolars&nbsp;<\/span><span style=\"font-family: inherit;\">es duran a terme amb total normalitat a excepci\u00f3 de les seg\u00fcents :<\/span><\/div>\n<p><\/span><\/p>\n<div style=\"text-align: justify;\"><span style=\"color: #222222;\"><br \/><\/span><\/div>\n<p><b style=\"background-color: white;\"><\/p>\n<div style=\"color: #222222; font-family: inherit; text-align: justify;\"><b style=\"font-family: inherit;\">&#8211;&nbsp;BALLE DANSA P5&nbsp;<\/b><\/div>\n<div style=\"text-align: justify;\"><\/div>\n<p><span style=\"color: #222222; font-family: inherit;\"><\/p>\n<div style=\"text-align: justify;\"><b><span style=\"font-family: inherit;\">&#8211;&nbsp;TEATRE P4<\/span><\/b><\/div>\n<p><\/span><\/b><\/p>\n<div style=\"text-align: justify;\"><\/div>\n<p><span style=\"background-color: white; color: #222222; font-family: inherit;\"><\/p>\n<div style=\"text-align: justify;\"><span style=\"font-family: inherit;\">Per tant, respectant el dret a vaga que els monitors\/res han decidit exercir, us confirmem&nbsp;<\/span><b style=\"font-family: inherit;\">que NO hi haur\u00e0 extra escolar de les activitats esmentades<\/b><span style=\"font-family: inherit;\">, i per tant, els&nbsp;<\/span><span style=\"font-family: inherit;\">nens i nenes inscrits no podran assistir-hi ni ser atesos aquest Dijous vinent de 16.00h a 17:00h. Tanmateix es tindr\u00e0 en compte aquest fet en la facturaci\u00f3 mensual a les fam\u00edlies.<\/span><\/div>\n<p><\/span><span style=\"background-color: white;\"><\/p>\n<div style=\"text-align: justify;\"><span style=\"color: #222222;\"><br \/><\/span><\/div>\n<p><\/span><span style=\"background-color: white; color: #222222; font-family: inherit;\"><\/p>\n<div style=\"text-align: justify;\"><span style=\"font-family: inherit;\">Per altra banda, tamb\u00e9 us informem, que en el servei de&nbsp;<\/span><b style=\"font-family: inherit;\">MAINADERA<\/b><span style=\"font-family: inherit;\">&nbsp;del mat\u00ed, dels tres monitors\/res habituals, treballaran amb normalitat dos. Aix\u00ed doncs, tot i que&nbsp;<\/span><span style=\"font-family: inherit;\">el servei es dur\u00e0 a terme, creiem important fer-vos arribar&nbsp; aquesta informaci\u00f3 perqu\u00e8 la pugueu tenir en compte a l&#8217;hora de valorar i decidir les vostres necessitats&nbsp;<\/span><span style=\"font-family: inherit;\">en aquest dia puntual.<\/span><\/div>\n<p><\/span><\/p>\n<div style=\"text-align: justify;\"><span style=\"color: #222222;\"><br \/><\/span><\/div>\n<div style=\"text-align: justify;\"><span style=\"color: #222222;\"><br \/><\/span><\/div>\n<p><span style=\"background-color: white; color: #222222; font-family: inherit;\"><\/p>\n<div style=\"text-align: justify;\"><span style=\"font-family: inherit;\">Salutacions cordials,<\/span><span style=\"font-family: inherit;\">&nbsp;<\/span><\/div>\n<p><\/span><span style=\"background-color: white;\"><\/p>\n<div style=\"text-align: justify;\"><span style=\"color: #222222;\"><br \/><\/span><\/div>\n<p><\/span><span style=\"background-color: white; color: #222222; font-family: inherit;\"><\/p>\n<div style=\"text-align: justify;\"><span style=\"font-family: inherit;\">JUNTA AMPA ESCOLA BARCELONA<\/span><\/div>\n<p><\/span><\/p>\n","protected":false},"excerpt":{"rendered":"<p>Benvolgudes fam\u00edlies, Com ja sabeu, aquest&nbsp;pr\u00f2xim Dijous 24 d\u2019octubre de 2013, hi ha convocada una jornada de vaga d\u2019ensenyament sobre la qual, la Direcci\u00f3 de l\u2019Escola ja&nbsp;ens ha confirmat avui mitjan\u00e7ant una nota informativa l\u2019afectaci\u00f3 concreta per cicles i cursos. En aquest sentit, des de l\u2019AMPA tamb\u00e9 hem establert comunicaci\u00f3 [&hellip;]<\/p>\n","protected":false},"author":1,"featured_media":0,"comment_status":"open","ping_status":"open","sticky":false,"template":"","format":"standard","meta":{"footnotes":""},"categories":[32],"tags":[],"class_list":["post-87","post","type-post","status-publish","format-standard","hentry","category-extraescolars"],"post_mailing_queue_ids":[],"_links":{"self":[{"href":"https:\/\/www.afaescolabarcelona.cat\/index.php\/wp-json\/wp\/v2\/posts\/87","targetHints":{"allow":["GET"]}}],"collection":[{"href":"https:\/\/www.afaescolabarcelona.cat\/index.php\/wp-json\/wp\/v2\/posts"}],"about":[{"href":"https:\/\/www.afaescolabarcelona.cat\/index.php\/wp-json\/wp\/v2\/types\/post"}],"author":[{"embeddable":true,"href":"https:\/\/www.afaescolabarcelona.cat\/index.php\/wp-json\/wp\/v2\/users\/1"}],"replies":[{"embeddable":true,"href":"https:\/\/www.afaescolabarcelona.cat\/index.php\/wp-json\/wp\/v2\/comments?post=87"}],"version-history":[{"count":1,"href":"https:\/\/www.afaescolabarcelona.cat\/index.php\/wp-json\/wp\/v2\/posts\/87\/revisions"}],"predecessor-version":[{"id":1630,"href":"https:\/\/www.afaescolabarcelona.cat\/index.php\/wp-json\/wp\/v2\/posts\/87\/revisions\/1630"}],"wp:attachment":[{"href":"https:\/\/www.afaescolabarcelona.cat\/index.php\/wp-json\/wp\/v2\/media?parent=87"}],"wp:term":[{"taxonomy":"category","embeddable":true,"href":"https:\/\/www.afaescolabarcelona.cat\/index.php\/wp-json\/wp\/v2\/categories?post=87"},{"taxonomy":"post_tag","embeddable":true,"href":"https:\/\/www.afaescolabarcelona.cat\/index.php\/wp-json\/wp\/v2\/tags?post=87"}],"curies":[{"name":"wp","href":"https:\/\/api.w.org\/{rel}","templated":true}]}}