{"id":88,"date":"2013-09-26T11:18:00","date_gmt":"2013-09-26T10:18:00","guid":{"rendered":"http:\/\/afaescolabarcelona.cat\/index.php\/2013\/09\/26\/nota-informativa-extra-escolars\/"},"modified":"2020-11-22T09:04:14","modified_gmt":"2020-11-22T08:04:14","slug":"nota-informativa-extra-escolars","status":"publish","type":"post","link":"https:\/\/www.afaescolabarcelona.cat\/index.php\/2013\/09\/26\/nota-informativa-extra-escolars\/","title":{"rendered":"Nota Informativa Extra Escolars"},"content":{"rendered":"<div style=\"text-align: justify;\"><span style=\"font-family: inherit;\"><span style=\"font-size: small;\">Benvolgudes fam\u00edlies<\/span><\/span><\/div>\n<div style=\"text-align: justify;\"><span style=\"font-family: inherit;\"><span style=\"font-size: small;\">&nbsp;<\/span><\/span> <\/div>\n<div style=\"text-align: justify;\"><span style=\"font-family: inherit;\"><span style=\"font-size: small;\">En primer lloc volem donar-vos la benvinguda a l\u2019inici d\u2019un nou curs escolar!!! <\/span><\/span><\/div>\n<div style=\"text-align: justify;\"><span style=\"font-family: inherit;\"><span style=\"font-size: small;\">   <\/span><\/span><\/div>\n<div style=\"text-align: justify;\"><\/div>\n<div style=\"text-align: justify;\"><span style=\"font-family: inherit;\"><span style=\"font-size: small;\">Com ja sabeu, el proper mes d\u2019Octubre posem de nou en marxa les activitats extra escolars. \u00c9s per aquest motiu que us fem arribar algunes importants q\u00fcestions pr\u00e0ctiques, per tal que els vostres fills\/ filles puguin dur a terme les activitats amb normalitat.<\/span><\/span><\/div>\n<div style=\"text-align: justify;\"><\/div>\n<div style=\"text-align: justify;\"><span style=\"font-family: inherit;\"><span style=\"font-size: small;\">   <\/span><\/span><\/div>\n<div style=\"text-align: justify;\"><span style=\"font-family: inherit;\"><span style=\"font-size: small;\">Esperem doncs que la oferta i el contingut<span>&nbsp; <\/span>de les mateixes<span>&nbsp; <\/span>sigui de l\u2019 inter\u00e8s i del gust dels nens i nenes i que els animeu a participar-hi activament.<\/span><\/span><\/div>\n<div style=\"text-align: justify;\"><span style=\"font-family: inherit;\"><span style=\"font-size: small;\"><b>&nbsp;<\/b> <\/span><\/span><\/div>\n<div style=\"text-align: justify;\"><span style=\"font-family: inherit;\"><span style=\"font-size: small;\"><b>Salutacions cordials,<\/b><\/span><\/span><\/div>\n<div style=\"text-align: justify;\"><span style=\"font-family: inherit;\"><span style=\"font-size: small;\"> <\/span><\/span><\/div>\n<div style=\"text-align: justify;\"><span style=\"font-family: inherit;\"><span style=\"font-size: small;\"><b>Junta AMPA Escola Barcelona <\/b><\/span><\/span><\/div>\n<div style=\"text-align: justify;\"><\/div>\n<div style=\"text-align: justify;\"><span style=\"font-family: inherit;\"><span style=\"font-size: small;\"><b>&nbsp;<\/b> <\/span><\/span><\/div>\n<div style=\"text-align: justify;\"><span style=\"font-family: inherit;\"><span style=\"font-size: small;\"><b><u>ANGL\u00c8S<\/u><\/b><\/span><\/span><\/div>\n<div style=\"text-align: justify;\"><span style=\"font-family: inherit;\"><span style=\"font-size: small;\">   <\/span><\/span><\/div>\n<div style=\"text-align: justify;\"><span style=\"font-family: inherit;\"><span style=\"font-size: small;\">Us recordem que els nens de P4 a 2n desenvoluparan l\u2019activitat a l\u2019escola i els haureu de recollir com a qualsevol activitat a la mateixa escola. Els nens de 3r a 6\u00e8 faran l\u2019activitat a l\u2019escola Master Language (C\/Vallespir, 171) i els haureu de recollir el dia que facin l\u2019activitat a l\u2019adre\u00e7a indicada a les 17.15h<\/span><\/span><\/div>\n<div style=\"text-align: justify;\"><span style=\"font-family: inherit;\"><span style=\"font-size: small;\"><br \/><\/span><\/span><\/div>\n<div style=\"text-align: justify;\"><span style=\"font-family: inherit;\"><span style=\"font-size: small;\">     <\/span><\/span><\/div>\n<div style=\"text-align: justify;\"><span style=\"font-family: inherit;\"><span style=\"font-size: small;\"><b><u>PISCINA<\/u><\/b><\/span><\/span><\/div>\n<div style=\"text-align: justify;\"><span style=\"font-family: inherit;\"><span style=\"font-size: small;\">   <\/span><\/span><\/div>\n<div style=\"text-align: justify;\"><span style=\"font-family: inherit;\"><span style=\"font-size: small;\">Tots els nens que facin piscina seran recollits a les instal\u00b7lacions del Metropolitan ( C\/ Galileu, 186). Per tal de no col\u00b7lapsar el centre, us demanem que les fam\u00edlies s\u2019esperin e<a href=\"https:\/\/www.blogger.com\/null\" name=\"141598f769cb06f4__GoBack\"><\/a>ls nens al mateix porxo de l\u00b4entrada.<\/span><\/span><\/div>\n<div style=\"text-align: justify;\"><span style=\"font-family: inherit;\"><span style=\"font-size: small;\"> <\/span><\/span><\/div>\n<div style=\"text-align: justify;\"><span style=\"font-family: inherit;\"><span style=\"font-size: small;\">A continuaci\u00f3 detallem l\u2019equipaci\u00f3 esportiva que necessitaran els nens per fer l\u2019activitat: ulleres, xancles, barret de bany, banyador i barn\u00fas. Us recomanem marcar amb nom i cognoms totes aquestes peces aix\u00ed com portar-les dins una bossa o motxilla a part per no fer malb\u00e9 el material escolar habitual.<\/span><\/span><\/div>\n<div style=\"text-align: justify;\"><span style=\"font-family: inherit;\"><span style=\"font-size: small;\"> <\/span><\/span><\/div>\n<div style=\"text-align: justify;\"><span style=\"font-family: inherit;\"><span style=\"font-size: small;\">Els monitors de piscina recolliran els nens a l\u00b4escola a les 16 hores i els portaran a fer l\u00b4activitat al centre esportiu. Els pares recolliran els nens a les 17:30 hores al porxo.<\/span><\/span><\/div>\n<div style=\"text-align: justify;\"><span style=\"font-family: inherit;\"><span style=\"font-size: small;\"> <\/span><\/span><\/div>\n<div style=\"text-align: justify;\"><\/div>\n<div style=\"text-align: justify;\"><span style=\"font-family: inherit;\"><span style=\"font-size: small;\"> <\/span><\/span><\/div>\n<div style=\"text-align: justify;\"><\/div>\n<div style=\"text-align: justify;\"><span style=\"font-family: inherit;\"><span style=\"font-size: small;\"> <\/span><\/span><\/div>\n<div style=\"text-align: justify;\"><span style=\"font-family: inherit;\"><span style=\"font-size: small;\">AMPA Escola Barcelona<\/span><\/span><\/div>\n","protected":false},"excerpt":{"rendered":"<p>Benvolgudes fam\u00edlies &nbsp; En primer lloc volem donar-vos la benvinguda a l\u2019inici d\u2019un nou curs escolar!!! Com ja sabeu, el proper mes d\u2019Octubre posem de nou en marxa les activitats extra escolars. \u00c9s per aquest motiu que us fem arribar algunes importants q\u00fcestions pr\u00e0ctiques, per tal que els vostres fills\/ [&hellip;]<\/p>\n","protected":false},"author":1,"featured_media":0,"comment_status":"open","ping_status":"open","sticky":false,"template":"","format":"standard","meta":{"footnotes":""},"categories":[32],"tags":[],"class_list":["post-88","post","type-post","status-publish","format-standard","hentry","category-extraescolars"],"post_mailing_queue_ids":[],"_links":{"self":[{"href":"https:\/\/www.afaescolabarcelona.cat\/index.php\/wp-json\/wp\/v2\/posts\/88","targetHints":{"allow":["GET"]}}],"collection":[{"href":"https:\/\/www.afaescolabarcelona.cat\/index.php\/wp-json\/wp\/v2\/posts"}],"about":[{"href":"https:\/\/www.afaescolabarcelona.cat\/index.php\/wp-json\/wp\/v2\/types\/post"}],"author":[{"embeddable":true,"href":"https:\/\/www.afaescolabarcelona.cat\/index.php\/wp-json\/wp\/v2\/users\/1"}],"replies":[{"embeddable":true,"href":"https:\/\/www.afaescolabarcelona.cat\/index.php\/wp-json\/wp\/v2\/comments?post=88"}],"version-history":[{"count":1,"href":"https:\/\/www.afaescolabarcelona.cat\/index.php\/wp-json\/wp\/v2\/posts\/88\/revisions"}],"predecessor-version":[{"id":1631,"href":"https:\/\/www.afaescolabarcelona.cat\/index.php\/wp-json\/wp\/v2\/posts\/88\/revisions\/1631"}],"wp:attachment":[{"href":"https:\/\/www.afaescolabarcelona.cat\/index.php\/wp-json\/wp\/v2\/media?parent=88"}],"wp:term":[{"taxonomy":"category","embeddable":true,"href":"https:\/\/www.afaescolabarcelona.cat\/index.php\/wp-json\/wp\/v2\/categories?post=88"},{"taxonomy":"post_tag","embeddable":true,"href":"https:\/\/www.afaescolabarcelona.cat\/index.php\/wp-json\/wp\/v2\/tags?post=88"}],"curies":[{"name":"wp","href":"https:\/\/api.w.org\/{rel}","templated":true}]}}