{"id":89,"date":"2013-06-12T10:22:00","date_gmt":"2013-06-12T09:22:00","guid":{"rendered":"http:\/\/afaescolabarcelona.cat\/index.php\/2013\/06\/12\/sortida-ludoteca-divendres-14-de-juny\/"},"modified":"2020-11-22T09:04:25","modified_gmt":"2020-11-22T08:04:25","slug":"sortida-ludoteca-divendres-14-de-juny","status":"publish","type":"post","link":"https:\/\/www.afaescolabarcelona.cat\/index.php\/2013\/06\/12\/sortida-ludoteca-divendres-14-de-juny\/","title":{"rendered":"Sortida ludoteca divendres 14 de Juny"},"content":{"rendered":"<div style=\"background-color: white; color: #222222; font-style: normal; font-variant: normal; font-weight: normal; letter-spacing: normal; line-height: normal; text-align: justify; text-indent: 0px; text-transform: none; white-space: normal; word-spacing: 0px;\"><span style=\"font-family: inherit; font-size: small;\">Benvolgudes fam\u00edlies,<\/span><\/div>\n<div style=\"background-color: white; color: #222222; font-style: normal; font-variant: normal; font-weight: normal; letter-spacing: normal; line-height: normal; text-align: justify; text-indent: 0px; text-transform: none; white-space: normal; word-spacing: 0px;\"><span style=\"font-family: inherit; font-size: small;\">Aquest proper divendres dia 14 i per tal de portar una correcta organitzaci\u00f3 entre la sortida de nens de ludoteca de les 17.00h i les fam\u00edlies que vinguin&nbsp; per gaudir de la festa de fi de curs, us indiquem que tots els nens del torn indicat sortiran per la porta de p\u00e0rvuls.<\/span><\/div>\n<div style=\"background-color: white; color: #222222; font-style: normal; font-variant: normal; font-weight: normal; letter-spacing: normal; line-height: normal; text-align: justify; text-indent: 0px; text-transform: none; white-space: normal; word-spacing: 0px;\"><span style=\"font-size: small;\"><br \/><\/span><span style=\"font-family: inherit; font-size: small;\">Tan sols ser\u00e1 aquest divendres i de manera puntual.<\/span><\/div>\n<div style=\"background-color: white; color: #222222; font-style: normal; font-variant: normal; font-weight: normal; letter-spacing: normal; line-height: normal; text-align: justify; text-indent: 0px; text-transform: none; white-space: normal; word-spacing: 0px;\"><span style=\"font-size: small;\"><br \/><\/span><span style=\"font-family: inherit; font-size: small;\">Agraint la vostra col\u00b7laboraci\u00f3.<\/span><\/div>\n<div style=\"background-color: white; color: #222222; font-style: normal; font-variant: normal; font-weight: normal; letter-spacing: normal; line-height: normal; text-align: justify; text-indent: 0px; text-transform: none; white-space: normal; word-spacing: 0px;\"><span style=\"font-size: small;\"><br \/><\/span><span style=\"font-family: inherit; font-size: small;\">Atentament,<\/span><\/div>\n<div style=\"background-color: white; color: #222222; font-style: normal; font-variant: normal; font-weight: normal; letter-spacing: normal; line-height: normal; text-align: justify; text-indent: 0px; text-transform: none; white-space: normal; word-spacing: 0px;\"><span style=\"font-size: small;\"><br \/><\/span><span style=\"font-family: inherit; font-size: small;\">Junta AMPA Escola Barcelona <\/span><\/div>\n","protected":false},"excerpt":{"rendered":"<p>Benvolgudes fam\u00edlies, Aquest proper divendres dia 14 i per tal de portar una correcta organitzaci\u00f3 entre la sortida de nens de ludoteca de les 17.00h i les fam\u00edlies que vinguin&nbsp; per gaudir de la festa de fi de curs, us indiquem que tots els nens del torn indicat sortiran per [&hellip;]<\/p>\n","protected":false},"author":1,"featured_media":0,"comment_status":"open","ping_status":"open","sticky":false,"template":"","format":"standard","meta":{"footnotes":""},"categories":[32],"tags":[],"class_list":["post-89","post","type-post","status-publish","format-standard","hentry","category-extraescolars"],"post_mailing_queue_ids":[],"_links":{"self":[{"href":"https:\/\/www.afaescolabarcelona.cat\/index.php\/wp-json\/wp\/v2\/posts\/89","targetHints":{"allow":["GET"]}}],"collection":[{"href":"https:\/\/www.afaescolabarcelona.cat\/index.php\/wp-json\/wp\/v2\/posts"}],"about":[{"href":"https:\/\/www.afaescolabarcelona.cat\/index.php\/wp-json\/wp\/v2\/types\/post"}],"author":[{"embeddable":true,"href":"https:\/\/www.afaescolabarcelona.cat\/index.php\/wp-json\/wp\/v2\/users\/1"}],"replies":[{"embeddable":true,"href":"https:\/\/www.afaescolabarcelona.cat\/index.php\/wp-json\/wp\/v2\/comments?post=89"}],"version-history":[{"count":1,"href":"https:\/\/www.afaescolabarcelona.cat\/index.php\/wp-json\/wp\/v2\/posts\/89\/revisions"}],"predecessor-version":[{"id":1632,"href":"https:\/\/www.afaescolabarcelona.cat\/index.php\/wp-json\/wp\/v2\/posts\/89\/revisions\/1632"}],"wp:attachment":[{"href":"https:\/\/www.afaescolabarcelona.cat\/index.php\/wp-json\/wp\/v2\/media?parent=89"}],"wp:term":[{"taxonomy":"category","embeddable":true,"href":"https:\/\/www.afaescolabarcelona.cat\/index.php\/wp-json\/wp\/v2\/categories?post=89"},{"taxonomy":"post_tag","embeddable":true,"href":"https:\/\/www.afaescolabarcelona.cat\/index.php\/wp-json\/wp\/v2\/tags?post=89"}],"curies":[{"name":"wp","href":"https:\/\/api.w.org\/{rel}","templated":true}]}}